{"id":4293,"date":"2019-01-25T07:21:25","date_gmt":"2019-01-25T06:21:25","guid":{"rendered":"https:\/\/www.lengyelrobert.hu\/uncategorized\/2019-01-25-i-facebook-bejegyzes-3\/"},"modified":"2019-01-25T07:21:25","modified_gmt":"2019-01-25T06:21:25","slug":"2019-01-25-i-facebook-bejegyzes-3","status":"publish","type":"post","link":"https:\/\/www.lengyelrobert.hu\/index.php\/2019\/01\/25\/2019-01-25-i-facebook-bejegyzes-3\/","title":{"rendered":"2019.01.25-i Facebook bejegyz\u00e9s"},"content":{"rendered":"<p>Tisztelt Olvas\u00f3im!<\/p>\n<p>        Az elm\u00falt 2 napban adtam egy kis betekint\u00e9st a priv\u00e1t \u00e9letembe \u00e9s nagyon k\u00f6sz\u00f6n\u00f6m a rengeteg elismer\u00e9st, j\u00f3k\u00edv\u00e1ns\u00e1got. De most m\u00e1r j\u00f6jjenek a v\u00e1ros dolgai is.<\/p>\n<p>        A szerda reggelre leesett p\u00e1r centi h\u00f3 m\u00e1r fennakad\u00e1sokat okozott a k\u00f6zleked\u00e9sben. Az \u00f6nkorm\u00e1nyzati utak takar\u00edt\u00e1s\u00e1ra a Si\u00f3kom-mal szerz\u0151dt\u00fcnk. S\u00falyos t\u00edzmilli\u00f3kat fizet ki a v\u00e1ros az\u00e9rt, hogy legyen k\u00e9szenl\u00e9t \u00e9s ha sz\u00fcks\u00e9ges, a s\u00f3z\u00e1s\/tol\u00e1s id\u0151ben induljon, a f\u0151bb k\u00f6zleked\u00e9si utak\/j\u00e1rd\u00e1k (pl. busz \u00fatvonalak, k\u00f6zint\u00e9zm\u00e9nyek megk\u00f6zel\u00edt\u00e9s\u00e9re szolg\u00e1l\u00f3 utak) miel\u0151bb j\u00e1rhat\u00f3ak legyenek. Magam sem voltam marad\u00e9ktalanul el\u00e9gedett a tapasztaltakkal \u00e9s a hivatal munkat\u00e1rsai is probl\u00e9m\u00e1kat jeleztek ez \u00fcgyben. Szem\u00e9lyesen is  bej\u00e1rtam koll\u00e9g\u00e1mmal a v\u00e1ros k\u00fcl\u00f6nb\u00f6z\u0151 r\u00e9szeit \u00e9s l\u00e1ttam hi\u00e1nyoss\u00e1gokat. Term\u00e9szetesen ma a Si\u00f3kom vezet\u0151ivel asztalhoz \u00fcl\u00f6k, agg\u00e1lyaimat szemt\u0151l-szembe is megfogalmazom \u00e9s a j\u00f6v\u0151re sz\u00f3l\u00f3 konzekvenci\u00e1kat is igyekszem k\u00f6z\u00f6sen levonni az \u00e9rintettekkel. Az od\u00e1ig ok, hogy t\u00f6bb mint 500 ! utc\u00e1ja van Si\u00f3foknak, mindenhova nem lehet oda\u00e9rni, de az alapvet\u0151 mozg\u00e1si lehet\u0151s\u00e9get akkor is biztos\u00edtanunk kell. Sajnos a n\u00e9gys\u00e1vos \u00e9s a szeksz\u00e1rdi utak sem voltak j\u00f3 ideig letolva az es\u00e9s napj\u00e1n, amire az azokat fenntart\u00f3 \u00e1llami k\u00f6z\u00fatkezel\u0151t\u0151l k\u00e9rtem magyar\u00e1zatot, eleddig nem kaptam. A bej\u00e1r\u00e1s sor\u00e1n viszont szomor\u00faan tapasztaltam, hogy rengeteg mag\u00e1nh\u00e1z el\u0151tt is takar\u00edtatlan maradt a j\u00e1rda. S\u0151t, az Alkotm\u00e1ny utc\u00e1b\u00f3l egy levelet is kaptam szerd\u00e1n, hogy a h\u00e1zuk el\u0151tti j\u00e1rd\u00e1n m\u00e1r bok\u00e1ig \u00e9r a h\u00f3, mikor megy az \u00f6nkorm\u00e1nyzat takar\u00edtani. V\u00e1laszomba belefogalmaztam, hogy a saj\u00e1t porta el\u0151tt az ingatlan tulajdonos\u00e1nak a feladata ez, ne v\u00e1rja az \u00f6nkorm\u00e1nyzat k\u00f6zmunk\u00e1sait.<\/p>\n<p>        P\u00e1r hete sz\u00e1moltam be r\u00f3la, hogy a k\u00f6zmunk\u00e1saink munkaeszk\u00f6zeinek t\u00e1rol\u00e1s\u00e1ra szolg\u00e1l\u00f3 \u00e9p\u00fcletet bet\u00f6r\u0151k felt\u00f6rt\u00e9k \u00e9s az ott fellelhet\u0151 g\u00e9peket, eszk\u00f6z\u00f6ket ellopt\u00e1k. A rend\u0151rs\u00e9g tette a dolg\u00e1t, az ellopott dolgokat megtal\u00e1lta, visszaadta, az elk\u00f6vet\u0151i k\u00f6r behat\u00e1rol\u00e1sa is folyamatban. Term\u00e9szetesen nem &#8220;import&#8221; elk\u00f6vet\u0151k vannak l\u00e1t\u00f3k\u00f6rben, hanem v\u00e1rosb\u00e9liek, akik a v\u00e1rosunk tisztess\u00e9ges lak\u00f3inak k\u00f6z\u00f6s vagyon\u00e1t d\u00e9zsm\u00e1lt\u00e1k meg arc\u00e1tlan m\u00f3don. Rem\u00e9lem oda ker\u00fcl mind, ahova val\u00f3. Viszont a Si\u00f3foki Rend\u0151rkapit\u00e1nys\u00e1g munkat\u00e1rsainak gyors \u00e9s hat\u00e9kony munk\u00e1j\u00e1t e hely\u00fctt is k\u00f6sz\u00f6n\u00f6m mindny\u00e1junk nev\u00e9ben.<\/p>\n<p>        Bar\u00e1ts\u00e1ggal: R.<\/p>\n<p><a href=\"\"><\/a><\/p>\n","protected":false},"excerpt":{"rendered":"<p>Tisztelt Olvas\u00f3im! Az elm\u00falt 2 napban adtam egy kis betekint\u00e9st a priv\u00e1t \u00e9letembe \u00e9s nagyon k\u00f6sz\u00f6n\u00f6m a rengeteg elismer\u00e9st, j\u00f3k\u00edv\u00e1ns\u00e1got. De most m\u00e1r j\u00f6jjenek a v\u00e1ros dolgai is. A szerda reggelre leesett p\u00e1r centi h\u00f3 m\u00e1r fennakad\u00e1sokat okozott a k\u00f6zleked\u00e9sben. Az \u00f6nkorm\u00e1nyzati utak takar\u00edt\u00e1s\u00e1ra a Si\u00f3kom-mal szerz\u0151dt\u00fcnk. S\u00falyos t\u00edzmilli\u00f3kat fizet ki a v\u00e1ros az\u00e9rt, hogy [&hellip;]<\/p>\n","protected":false},"author":1,"featured_media":4294,"comment_status":"closed","ping_status":"closed","sticky":false,"template":"","format":"standard","meta":{"_acf_changed":false,"_et_pb_use_builder":"","_et_pb_old_content":"","_et_gb_content_width":"","footnotes":""},"categories":[1],"tags":[],"class_list":["post-4293","post","type-post","status-publish","format-standard","has-post-thumbnail","hentry","category-uncategorized"],"acf":[],"yoast_head":"<!-- This site is optimized with the Yoast SEO plugin v23.8 - https:\/\/yoast.com\/wordpress\/plugins\/seo\/ -->\n<title>2019.01.25-i Facebook bejegyz\u00e9s - dr. Lengyel R\u00f3bert<\/title>\n<meta name=\"robots\" content=\"index, follow, max-snippet:-1, max-image-preview:large, max-video-preview:-1\" \/>\n<link rel=\"canonical\" href=\"https:\/\/www.lengyelrobert.hu\/index.php\/2019\/01\/25\/2019-01-25-i-facebook-bejegyzes-3\/\" \/>\n<meta property=\"og:locale\" content=\"hu_HU\" \/>\n<meta property=\"og:type\" content=\"article\" \/>\n<meta property=\"og:title\" content=\"2019.01.25-i Facebook bejegyz\u00e9s - dr. Lengyel R\u00f3bert\" \/>\n<meta property=\"og:description\" content=\"Tisztelt Olvas\u00f3im! Az elm\u00falt 2 napban adtam egy kis betekint\u00e9st a priv\u00e1t \u00e9letembe \u00e9s nagyon k\u00f6sz\u00f6n\u00f6m a rengeteg elismer\u00e9st, j\u00f3k\u00edv\u00e1ns\u00e1got. De most m\u00e1r j\u00f6jjenek a v\u00e1ros dolgai is. A szerda reggelre leesett p\u00e1r centi h\u00f3 m\u00e1r fennakad\u00e1sokat okozott a k\u00f6zleked\u00e9sben. Az \u00f6nkorm\u00e1nyzati utak takar\u00edt\u00e1s\u00e1ra a Si\u00f3kom-mal szerz\u0151dt\u00fcnk. S\u00falyos t\u00edzmilli\u00f3kat fizet ki a v\u00e1ros az\u00e9rt, hogy [&hellip;]\" \/>\n<meta property=\"og:url\" content=\"https:\/\/www.lengyelrobert.hu\/index.php\/2019\/01\/25\/2019-01-25-i-facebook-bejegyzes-3\/\" \/>\n<meta property=\"og:site_name\" content=\"dr. Lengyel R\u00f3bert\" \/>\n<meta property=\"article:published_time\" content=\"2019-01-25T06:21:25+00:00\" \/>\n<meta property=\"og:image\" content=\"https:\/\/www.lengyelrobert.hu\/wp-content\/uploads\/2019\/04\/50568767_1255542124595096_6938788239582953472_n_1255542121261763-1.jpg\" \/>\n\t<meta property=\"og:image:width\" content=\"275\" \/>\n\t<meta property=\"og:image:height\" content=\"184\" \/>\n\t<meta property=\"og:image:type\" content=\"image\/jpeg\" \/>\n<meta name=\"author\" content=\"webmaster\" \/>\n<meta name=\"twitter:card\" content=\"summary_large_image\" \/>\n<meta name=\"twitter:label1\" content=\"Szerz\u0151:\" \/>\n\t<meta name=\"twitter:data1\" content=\"webmaster\" \/>\n\t<meta name=\"twitter:label2\" content=\"Becs\u00fclt olvas\u00e1si id\u0151\" \/>\n\t<meta name=\"twitter:data2\" content=\"3 perc\" \/>\n<script type=\"application\/ld+json\" class=\"yoast-schema-graph\">{\"@context\":\"https:\/\/schema.org\",\"@graph\":[{\"@type\":\"WebPage\",\"@id\":\"https:\/\/www.lengyelrobert.hu\/index.php\/2019\/01\/25\/2019-01-25-i-facebook-bejegyzes-3\/\",\"url\":\"https:\/\/www.lengyelrobert.hu\/index.php\/2019\/01\/25\/2019-01-25-i-facebook-bejegyzes-3\/\",\"name\":\"2019.01.25-i Facebook bejegyz\u00e9s - dr. Lengyel R\u00f3bert\",\"isPartOf\":{\"@id\":\"https:\/\/www.lengyelrobert.hu\/#website\"},\"primaryImageOfPage\":{\"@id\":\"https:\/\/www.lengyelrobert.hu\/index.php\/2019\/01\/25\/2019-01-25-i-facebook-bejegyzes-3\/#primaryimage\"},\"image\":{\"@id\":\"https:\/\/www.lengyelrobert.hu\/index.php\/2019\/01\/25\/2019-01-25-i-facebook-bejegyzes-3\/#primaryimage\"},\"thumbnailUrl\":\"https:\/\/www.lengyelrobert.hu\/wp-content\/uploads\/2019\/04\/50568767_1255542124595096_6938788239582953472_n_1255542121261763-1.jpg\",\"datePublished\":\"2019-01-25T06:21:25+00:00\",\"dateModified\":\"2019-01-25T06:21:25+00:00\",\"author\":{\"@id\":\"https:\/\/www.lengyelrobert.hu\/#\/schema\/person\/2926fe5141a59e6530d8a411eb7bfb2d\"},\"breadcrumb\":{\"@id\":\"https:\/\/www.lengyelrobert.hu\/index.php\/2019\/01\/25\/2019-01-25-i-facebook-bejegyzes-3\/#breadcrumb\"},\"inLanguage\":\"hu\",\"potentialAction\":[{\"@type\":\"ReadAction\",\"target\":[\"https:\/\/www.lengyelrobert.hu\/index.php\/2019\/01\/25\/2019-01-25-i-facebook-bejegyzes-3\/\"]}]},{\"@type\":\"ImageObject\",\"inLanguage\":\"hu\",\"@id\":\"https:\/\/www.lengyelrobert.hu\/index.php\/2019\/01\/25\/2019-01-25-i-facebook-bejegyzes-3\/#primaryimage\",\"url\":\"https:\/\/www.lengyelrobert.hu\/wp-content\/uploads\/2019\/04\/50568767_1255542124595096_6938788239582953472_n_1255542121261763-1.jpg\",\"contentUrl\":\"https:\/\/www.lengyelrobert.hu\/wp-content\/uploads\/2019\/04\/50568767_1255542124595096_6938788239582953472_n_1255542121261763-1.jpg\",\"width\":275,\"height\":184},{\"@type\":\"BreadcrumbList\",\"@id\":\"https:\/\/www.lengyelrobert.hu\/index.php\/2019\/01\/25\/2019-01-25-i-facebook-bejegyzes-3\/#breadcrumb\",\"itemListElement\":[{\"@type\":\"ListItem\",\"position\":1,\"name\":\"Home\",\"item\":\"https:\/\/www.lengyelrobert.hu\/\"},{\"@type\":\"ListItem\",\"position\":2,\"name\":\"2019.01.25-i Facebook bejegyz\u00e9s\"}]},{\"@type\":\"WebSite\",\"@id\":\"https:\/\/www.lengyelrobert.hu\/#website\",\"url\":\"https:\/\/www.lengyelrobert.hu\/\",\"name\":\"dr. Lengyel R\u00f3bert\",\"description\":\"A Becs\u00fclettel Si\u00f3fok\u00e9rt Egyes\u00fclet honlapja\",\"potentialAction\":[{\"@type\":\"SearchAction\",\"target\":{\"@type\":\"EntryPoint\",\"urlTemplate\":\"https:\/\/www.lengyelrobert.hu\/?s={search_term_string}\"},\"query-input\":{\"@type\":\"PropertyValueSpecification\",\"valueRequired\":true,\"valueName\":\"search_term_string\"}}],\"inLanguage\":\"hu\"},{\"@type\":\"Person\",\"@id\":\"https:\/\/www.lengyelrobert.hu\/#\/schema\/person\/2926fe5141a59e6530d8a411eb7bfb2d\",\"name\":\"webmaster\",\"image\":{\"@type\":\"ImageObject\",\"inLanguage\":\"hu\",\"@id\":\"https:\/\/www.lengyelrobert.hu\/#\/schema\/person\/image\/\",\"url\":\"https:\/\/secure.gravatar.com\/avatar\/d53f7fc01f188bb097ecc2caf950c777c2cdc1ec48a2d1726a8399a2188940b0?s=96&d=mm&r=g\",\"contentUrl\":\"https:\/\/secure.gravatar.com\/avatar\/d53f7fc01f188bb097ecc2caf950c777c2cdc1ec48a2d1726a8399a2188940b0?s=96&d=mm&r=g\",\"caption\":\"webmaster\"},\"sameAs\":[\"https:\/\/www.lengyelrobert.hu\"],\"url\":\"https:\/\/www.lengyelrobert.hu\/index.php\/author\/webmaster\/\"}]}<\/script>\n<!-- \/ Yoast SEO plugin. -->","yoast_head_json":{"title":"2019.01.25-i Facebook bejegyz\u00e9s - dr. Lengyel R\u00f3bert","robots":{"index":"index","follow":"follow","max-snippet":"max-snippet:-1","max-image-preview":"max-image-preview:large","max-video-preview":"max-video-preview:-1"},"canonical":"https:\/\/www.lengyelrobert.hu\/index.php\/2019\/01\/25\/2019-01-25-i-facebook-bejegyzes-3\/","og_locale":"hu_HU","og_type":"article","og_title":"2019.01.25-i Facebook bejegyz\u00e9s - dr. Lengyel R\u00f3bert","og_description":"Tisztelt Olvas\u00f3im! Az elm\u00falt 2 napban adtam egy kis betekint\u00e9st a priv\u00e1t \u00e9letembe \u00e9s nagyon k\u00f6sz\u00f6n\u00f6m a rengeteg elismer\u00e9st, j\u00f3k\u00edv\u00e1ns\u00e1got. De most m\u00e1r j\u00f6jjenek a v\u00e1ros dolgai is. A szerda reggelre leesett p\u00e1r centi h\u00f3 m\u00e1r fennakad\u00e1sokat okozott a k\u00f6zleked\u00e9sben. Az \u00f6nkorm\u00e1nyzati utak takar\u00edt\u00e1s\u00e1ra a Si\u00f3kom-mal szerz\u0151dt\u00fcnk. S\u00falyos t\u00edzmilli\u00f3kat fizet ki a v\u00e1ros az\u00e9rt, hogy [&hellip;]","og_url":"https:\/\/www.lengyelrobert.hu\/index.php\/2019\/01\/25\/2019-01-25-i-facebook-bejegyzes-3\/","og_site_name":"dr. Lengyel R\u00f3bert","article_published_time":"2019-01-25T06:21:25+00:00","og_image":[{"width":275,"height":184,"url":"https:\/\/www.lengyelrobert.hu\/wp-content\/uploads\/2019\/04\/50568767_1255542124595096_6938788239582953472_n_1255542121261763-1.jpg","type":"image\/jpeg"}],"author":"webmaster","twitter_card":"summary_large_image","twitter_misc":{"Szerz\u0151:":"webmaster","Becs\u00fclt olvas\u00e1si id\u0151":"3 perc"},"schema":{"@context":"https:\/\/schema.org","@graph":[{"@type":"WebPage","@id":"https:\/\/www.lengyelrobert.hu\/index.php\/2019\/01\/25\/2019-01-25-i-facebook-bejegyzes-3\/","url":"https:\/\/www.lengyelrobert.hu\/index.php\/2019\/01\/25\/2019-01-25-i-facebook-bejegyzes-3\/","name":"2019.01.25-i Facebook bejegyz\u00e9s - dr. Lengyel R\u00f3bert","isPartOf":{"@id":"https:\/\/www.lengyelrobert.hu\/#website"},"primaryImageOfPage":{"@id":"https:\/\/www.lengyelrobert.hu\/index.php\/2019\/01\/25\/2019-01-25-i-facebook-bejegyzes-3\/#primaryimage"},"image":{"@id":"https:\/\/www.lengyelrobert.hu\/index.php\/2019\/01\/25\/2019-01-25-i-facebook-bejegyzes-3\/#primaryimage"},"thumbnailUrl":"https:\/\/www.lengyelrobert.hu\/wp-content\/uploads\/2019\/04\/50568767_1255542124595096_6938788239582953472_n_1255542121261763-1.jpg","datePublished":"2019-01-25T06:21:25+00:00","dateModified":"2019-01-25T06:21:25+00:00","author":{"@id":"https:\/\/www.lengyelrobert.hu\/#\/schema\/person\/2926fe5141a59e6530d8a411eb7bfb2d"},"breadcrumb":{"@id":"https:\/\/www.lengyelrobert.hu\/index.php\/2019\/01\/25\/2019-01-25-i-facebook-bejegyzes-3\/#breadcrumb"},"inLanguage":"hu","potentialAction":[{"@type":"ReadAction","target":["https:\/\/www.lengyelrobert.hu\/index.php\/2019\/01\/25\/2019-01-25-i-facebook-bejegyzes-3\/"]}]},{"@type":"ImageObject","inLanguage":"hu","@id":"https:\/\/www.lengyelrobert.hu\/index.php\/2019\/01\/25\/2019-01-25-i-facebook-bejegyzes-3\/#primaryimage","url":"https:\/\/www.lengyelrobert.hu\/wp-content\/uploads\/2019\/04\/50568767_1255542124595096_6938788239582953472_n_1255542121261763-1.jpg","contentUrl":"https:\/\/www.lengyelrobert.hu\/wp-content\/uploads\/2019\/04\/50568767_1255542124595096_6938788239582953472_n_1255542121261763-1.jpg","width":275,"height":184},{"@type":"BreadcrumbList","@id":"https:\/\/www.lengyelrobert.hu\/index.php\/2019\/01\/25\/2019-01-25-i-facebook-bejegyzes-3\/#breadcrumb","itemListElement":[{"@type":"ListItem","position":1,"name":"Home","item":"https:\/\/www.lengyelrobert.hu\/"},{"@type":"ListItem","position":2,"name":"2019.01.25-i Facebook bejegyz\u00e9s"}]},{"@type":"WebSite","@id":"https:\/\/www.lengyelrobert.hu\/#website","url":"https:\/\/www.lengyelrobert.hu\/","name":"dr. Lengyel R\u00f3bert","description":"A Becs\u00fclettel Si\u00f3fok\u00e9rt Egyes\u00fclet honlapja","potentialAction":[{"@type":"SearchAction","target":{"@type":"EntryPoint","urlTemplate":"https:\/\/www.lengyelrobert.hu\/?s={search_term_string}"},"query-input":{"@type":"PropertyValueSpecification","valueRequired":true,"valueName":"search_term_string"}}],"inLanguage":"hu"},{"@type":"Person","@id":"https:\/\/www.lengyelrobert.hu\/#\/schema\/person\/2926fe5141a59e6530d8a411eb7bfb2d","name":"webmaster","image":{"@type":"ImageObject","inLanguage":"hu","@id":"https:\/\/www.lengyelrobert.hu\/#\/schema\/person\/image\/","url":"https:\/\/secure.gravatar.com\/avatar\/d53f7fc01f188bb097ecc2caf950c777c2cdc1ec48a2d1726a8399a2188940b0?s=96&d=mm&r=g","contentUrl":"https:\/\/secure.gravatar.com\/avatar\/d53f7fc01f188bb097ecc2caf950c777c2cdc1ec48a2d1726a8399a2188940b0?s=96&d=mm&r=g","caption":"webmaster"},"sameAs":["https:\/\/www.lengyelrobert.hu"],"url":"https:\/\/www.lengyelrobert.hu\/index.php\/author\/webmaster\/"}]}},"_links":{"self":[{"href":"https:\/\/www.lengyelrobert.hu\/index.php\/wp-json\/wp\/v2\/posts\/4293","targetHints":{"allow":["GET"]}}],"collection":[{"href":"https:\/\/www.lengyelrobert.hu\/index.php\/wp-json\/wp\/v2\/posts"}],"about":[{"href":"https:\/\/www.lengyelrobert.hu\/index.php\/wp-json\/wp\/v2\/types\/post"}],"author":[{"embeddable":true,"href":"https:\/\/www.lengyelrobert.hu\/index.php\/wp-json\/wp\/v2\/users\/1"}],"replies":[{"embeddable":true,"href":"https:\/\/www.lengyelrobert.hu\/index.php\/wp-json\/wp\/v2\/comments?post=4293"}],"version-history":[{"count":0,"href":"https:\/\/www.lengyelrobert.hu\/index.php\/wp-json\/wp\/v2\/posts\/4293\/revisions"}],"wp:featuredmedia":[{"embeddable":true,"href":"https:\/\/www.lengyelrobert.hu\/index.php\/wp-json\/wp\/v2\/media\/4294"}],"wp:attachment":[{"href":"https:\/\/www.lengyelrobert.hu\/index.php\/wp-json\/wp\/v2\/media?parent=4293"}],"wp:term":[{"taxonomy":"category","embeddable":true,"href":"https:\/\/www.lengyelrobert.hu\/index.php\/wp-json\/wp\/v2\/categories?post=4293"},{"taxonomy":"post_tag","embeddable":true,"href":"https:\/\/www.lengyelrobert.hu\/index.php\/wp-json\/wp\/v2\/tags?post=4293"}],"curies":[{"name":"wp","href":"https:\/\/api.w.org\/{rel}","templated":true}]}}