{"id":3381,"date":"2016-06-03T06:30:56","date_gmt":"2016-06-03T06:30:56","guid":{"rendered":"https:\/\/www.lengyelrobert.hu\/2016\/06\/03\/2016-6-3\/"},"modified":"2016-06-03T06:30:56","modified_gmt":"2016-06-03T06:30:56","slug":"2016-6-3-i-facebook-bejegyzes","status":"publish","type":"post","link":"https:\/\/www.lengyelrobert.hu\/index.php\/2016\/06\/03\/2016-6-3-i-facebook-bejegyzes\/","title":{"rendered":"2016.6.3-i Facebook bejegyz\u00e9s"},"content":{"rendered":"<p>Tisztelt Olvas\u00f3im! Tegnap sajt\u00f3t\u00e1j\u00e9koztat\u00f3n vettem r\u00e9szt. R\u00f6videsen  v\u00e1rosunkba \u00e9rkezik a &#8216;Tour de hongrie&#8217; elnevez\u00e9s\u0171, Magyarorsz\u00e1g legnagyobb  \u00e9s legr\u00e9gebbi nemzetk\u00f6zi ker\u00e9kp\u00e1ros k\u00f6rversenye. Si\u00f3fok t\u00e1mogat\u00f3ja a  rendezv\u00e9nynek, ennek aprop\u00f3j\u00e1n \u00e1lltunk a verseny f\u0151szervez\u0151j\u00e9vel a m\u00e9di\u00e1k  k\u00e9pvisel\u0151i el\u00e9. A 6 napos verseny Szombathelyr\u0151l indul \u00e9s 6 nap alatt  Fert\u0151d-Keszthely, Kaposv\u00e1r, Si\u00f3fok, Cegl\u00e9d, Karcag, K\u00e9kestet\u0151, Gy\u00f6ngy\u00f6s  \u00e9rint\u00e9s\u00e9vel fut be a mez\u0151ny Budapestre. Kb. 25 orsz\u00e1gb\u00f3l \u00e9rkeznek a j\u00f3r\u00e9szt  profi bring\u00e1sok \u00e9s j\u00fanius 30-\u00e1n Keszthely-Kaposv\u00e1r \u00fatvonalon gurulnak majd  a szakasz-befut\u00f3ra, a F\u0151 ter\u00fcnkre. E h\u00e9tv\u00e9g\u00e9n Tour de Pelso, imm\u00e1ron  hagyom\u00e1nyosan Si\u00f3fokon, ugyan csak a v\u00e1ros t\u00e1mogat\u00e1s\u00e1val. Sz\u00f3val lesz  ker\u00e9kp\u00e1ros ny\u00fczsi \u00e9s l\u00e1tv\u00e1nyoss\u00e1g most is \u00e9s a h\u00f3nap v\u00e9g\u00e9n egyar\u00e1nt. Ezzel  egy\u00fctt felh\u00edvn\u00e1m n\u00e9h\u00e1ny holnapi rendezv\u00e9nyre is a figyelmet. Nemzet\u00fcnk  f\u00f6ldbe gyal\u00e1z\u00e1s\u00e1r\u00f3l, a trianoni dikt\u00e1tum al\u00e1\u00edr\u00e1s\u00e1nak \u00e9vfordul\u00f3j\u00e1r\u00f3l  eml\u00e9kez\u00fcnk 10.00 \u00f3r\u00e1t\u00f3l a B\u00e9ke parkban (k\u00f3rh\u00e1z domb). V\u00e1rjuk v\u00e1rosunk  lak\u00f3it. 15.00 \u00f3r\u00e1t\u00f3l a KIKK-ben \u00fcnnepi m\u0171sor. 140 \u00e9ves lett a Si\u00f3foki F\u00e9rfi  Dalk\u00f6r. Az \u00fcnnepi megeml\u00e9kez\u00e9st megnyitja: Witzmann Mih\u00e1ly orsz\u00e1ggy\u0171l\u00e9si  k\u00e9pvisel\u0151 \u00far. Tisztelegve az elm\u00falt k\u00f6zel m\u00e1sf\u00e9l \u00e9vsz\u00e1zados m\u00faltjuk \u00e9s a  jelenlegi dalk\u00f6ri tagok munk\u00e1ss\u00e1ga el\u0151tt, magam is r\u00e9szt k\u00edv\u00e1nok venni. \u00c9s  m\u00e9g mindig holnap. V\u00e1rosunk iparosai is \u00f6sszej\u00f6nnek este az ez \u00e9vi  iparosnapi rendezv\u00e9ny keret\u00e9ben. Valamennyien tapasztaljuk, hogy a  Tan\u00e1csh\u00e1z utc\u00e1n folynak az \u00fatfel\u00faj\u00edt\u00e1si munk\u00e1latok. M\u00e1ra a Si\u00f3 h\u00edd is  szakaszosan lez\u00e1r\u00e1sra ker\u00fclt. Azt szeretn\u00e9m egy\u00e9rtelm\u0171v\u00e9 tenni, hogy ez az  \u00fat nem \u00f6nkorm\u00e1nyzatunk\u00e9, hanem \u00e1llami fenntart\u00e1s\u00fa. A munk\u00e1k kivitelez\u00e9se is  gyakorlatilag t\u0151l\u00fcnk f\u00fcggetlen\u00fcl folyik. Ezzel egy\u00fctt a k\u00f6z\u00fatkezel\u0151  t\u00e1j\u00e9koztat\u00e1sa szerint, j\u00fanius 20-ig a fel\u00faj\u00edt\u00e1s els\u0151 szakasza elk\u00e9sz\u00fcl,  ism\u00e9t birtokba vehetik a k\u00f6zleked\u0151k a teljes sz\u00e9less\u00e9get, majd augusztus  v\u00e9g\u00e9n folytatj\u00e1k, \u00edgy az \u0151szre teljesen meg\u00fajul az egy\u00e9bk\u00e9nt val\u00f3ban ramaty  \u00e1llapotban l\u00e9v\u0151 \u00fat. B\u00e9k\u00e9s, nyugodt h\u00e9tv\u00e9g\u00e9t k\u00edv\u00e1nok! Bar\u00e1ts\u00e1ggal: R.<\/p>\n","protected":false},"excerpt":{"rendered":"<p>Tisztelt Olvas\u00f3im! Tegnap sajt\u00f3t\u00e1j\u00e9koztat\u00f3n vettem r\u00e9szt. R\u00f6videsen<br \/>\nv\u00e1rosunkba \u00e9rkezik a &#8216;Tour de hongrie&#8217; elnevez\u00e9s\u0171, Magyarorsz\u00e1g legnagyobb<br \/>\n\u00e9s legr\u00e9gebbi nemzetk\u00f6zi ker\u00e9kp\u00e1ros k\u00f6rversenye. Si\u00f3fok t\u00e1mogat\u00f3ja a<br \/>\nrendezv\u00e9nynek, ennek aprop\u00f3j\u00e1n \u00e1lltunk a verseny f\u0151szervez\u0151j\u00e9vel a m\u00e9di\u00e1k<br \/>\nk\u00e9pvisel\u0151i el\u00e9. A 6 napos verseny Szombathelyr\u0151l indul \u00e9s 6 nap alatt<br \/>\nFert\u0151d-Keszthely, Kaposv\u00e1r, Si\u00f3fok, Ceg&#8230;<\/p>\n","protected":false},"author":1,"featured_media":0,"comment_status":"open","ping_status":"open","sticky":false,"template":"","format":"standard","meta":{"_acf_changed":false,"_et_pb_use_builder":"","_et_pb_old_content":"","_et_gb_content_width":"","footnotes":""},"categories":[1],"tags":[],"class_list":["post-3381","post","type-post","status-publish","format-standard","hentry","category-uncategorized"],"acf":[],"yoast_head":"<!-- This site is optimized with the Yoast SEO plugin v23.8 - https:\/\/yoast.com\/wordpress\/plugins\/seo\/ -->\n<title>2016.6.3-i Facebook bejegyz\u00e9s - dr. Lengyel R\u00f3bert<\/title>\n<meta name=\"robots\" content=\"index, follow, max-snippet:-1, max-image-preview:large, max-video-preview:-1\" \/>\n<link rel=\"canonical\" href=\"https:\/\/www.lengyelrobert.hu\/index.php\/2016\/06\/03\/2016-6-3-i-facebook-bejegyzes\/\" \/>\n<meta property=\"og:locale\" content=\"hu_HU\" \/>\n<meta property=\"og:type\" content=\"article\" \/>\n<meta property=\"og:title\" content=\"2016.6.3-i Facebook bejegyz\u00e9s - dr. Lengyel R\u00f3bert\" \/>\n<meta property=\"og:description\" content=\"Tisztelt Olvas\u00f3im! Tegnap sajt\u00f3t\u00e1j\u00e9koztat\u00f3n vettem r\u00e9szt. R\u00f6videsen v\u00e1rosunkba \u00e9rkezik a &#039;Tour de hongrie&#039; elnevez\u00e9s\u0171, Magyarorsz\u00e1g legnagyobb \u00e9s legr\u00e9gebbi nemzetk\u00f6zi ker\u00e9kp\u00e1ros k\u00f6rversenye. Si\u00f3fok t\u00e1mogat\u00f3ja a rendezv\u00e9nynek, ennek aprop\u00f3j\u00e1n \u00e1lltunk a verseny f\u0151szervez\u0151j\u00e9vel a m\u00e9di\u00e1k k\u00e9pvisel\u0151i el\u00e9. A 6 napos verseny Szombathelyr\u0151l indul \u00e9s 6 nap alatt Fert\u0151d-Keszthely, Kaposv\u00e1r, Si\u00f3fok, Ceg...\" \/>\n<meta property=\"og:url\" content=\"https:\/\/www.lengyelrobert.hu\/index.php\/2016\/06\/03\/2016-6-3-i-facebook-bejegyzes\/\" \/>\n<meta property=\"og:site_name\" content=\"dr. Lengyel R\u00f3bert\" \/>\n<meta property=\"article:published_time\" content=\"2016-06-03T06:30:56+00:00\" \/>\n<meta name=\"author\" content=\"webmaster\" \/>\n<meta name=\"twitter:card\" content=\"summary_large_image\" \/>\n<meta name=\"twitter:label1\" content=\"Szerz\u0151:\" \/>\n\t<meta name=\"twitter:data1\" content=\"webmaster\" \/>\n\t<meta name=\"twitter:label2\" content=\"Becs\u00fclt olvas\u00e1si id\u0151\" \/>\n\t<meta name=\"twitter:data2\" content=\"2 perc\" \/>\n<script type=\"application\/ld+json\" class=\"yoast-schema-graph\">{\"@context\":\"https:\/\/schema.org\",\"@graph\":[{\"@type\":\"WebPage\",\"@id\":\"https:\/\/www.lengyelrobert.hu\/index.php\/2016\/06\/03\/2016-6-3-i-facebook-bejegyzes\/\",\"url\":\"https:\/\/www.lengyelrobert.hu\/index.php\/2016\/06\/03\/2016-6-3-i-facebook-bejegyzes\/\",\"name\":\"2016.6.3-i Facebook bejegyz\u00e9s - dr. Lengyel R\u00f3bert\",\"isPartOf\":{\"@id\":\"https:\/\/www.lengyelrobert.hu\/#website\"},\"datePublished\":\"2016-06-03T06:30:56+00:00\",\"dateModified\":\"2016-06-03T06:30:56+00:00\",\"author\":{\"@id\":\"https:\/\/www.lengyelrobert.hu\/#\/schema\/person\/2926fe5141a59e6530d8a411eb7bfb2d\"},\"breadcrumb\":{\"@id\":\"https:\/\/www.lengyelrobert.hu\/index.php\/2016\/06\/03\/2016-6-3-i-facebook-bejegyzes\/#breadcrumb\"},\"inLanguage\":\"hu\",\"potentialAction\":[{\"@type\":\"ReadAction\",\"target\":[\"https:\/\/www.lengyelrobert.hu\/index.php\/2016\/06\/03\/2016-6-3-i-facebook-bejegyzes\/\"]}]},{\"@type\":\"BreadcrumbList\",\"@id\":\"https:\/\/www.lengyelrobert.hu\/index.php\/2016\/06\/03\/2016-6-3-i-facebook-bejegyzes\/#breadcrumb\",\"itemListElement\":[{\"@type\":\"ListItem\",\"position\":1,\"name\":\"Home\",\"item\":\"https:\/\/www.lengyelrobert.hu\/\"},{\"@type\":\"ListItem\",\"position\":2,\"name\":\"2016.6.3-i Facebook bejegyz\u00e9s\"}]},{\"@type\":\"WebSite\",\"@id\":\"https:\/\/www.lengyelrobert.hu\/#website\",\"url\":\"https:\/\/www.lengyelrobert.hu\/\",\"name\":\"dr. Lengyel R\u00f3bert\",\"description\":\"A Becs\u00fclettel Si\u00f3fok\u00e9rt Egyes\u00fclet honlapja\",\"potentialAction\":[{\"@type\":\"SearchAction\",\"target\":{\"@type\":\"EntryPoint\",\"urlTemplate\":\"https:\/\/www.lengyelrobert.hu\/?s={search_term_string}\"},\"query-input\":{\"@type\":\"PropertyValueSpecification\",\"valueRequired\":true,\"valueName\":\"search_term_string\"}}],\"inLanguage\":\"hu\"},{\"@type\":\"Person\",\"@id\":\"https:\/\/www.lengyelrobert.hu\/#\/schema\/person\/2926fe5141a59e6530d8a411eb7bfb2d\",\"name\":\"webmaster\",\"image\":{\"@type\":\"ImageObject\",\"inLanguage\":\"hu\",\"@id\":\"https:\/\/www.lengyelrobert.hu\/#\/schema\/person\/image\/\",\"url\":\"https:\/\/secure.gravatar.com\/avatar\/d53f7fc01f188bb097ecc2caf950c777c2cdc1ec48a2d1726a8399a2188940b0?s=96&d=mm&r=g\",\"contentUrl\":\"https:\/\/secure.gravatar.com\/avatar\/d53f7fc01f188bb097ecc2caf950c777c2cdc1ec48a2d1726a8399a2188940b0?s=96&d=mm&r=g\",\"caption\":\"webmaster\"},\"sameAs\":[\"https:\/\/www.lengyelrobert.hu\"],\"url\":\"https:\/\/www.lengyelrobert.hu\/index.php\/author\/webmaster\/\"}]}<\/script>\n<!-- \/ Yoast SEO plugin. -->","yoast_head_json":{"title":"2016.6.3-i Facebook bejegyz\u00e9s - dr. Lengyel R\u00f3bert","robots":{"index":"index","follow":"follow","max-snippet":"max-snippet:-1","max-image-preview":"max-image-preview:large","max-video-preview":"max-video-preview:-1"},"canonical":"https:\/\/www.lengyelrobert.hu\/index.php\/2016\/06\/03\/2016-6-3-i-facebook-bejegyzes\/","og_locale":"hu_HU","og_type":"article","og_title":"2016.6.3-i Facebook bejegyz\u00e9s - dr. Lengyel R\u00f3bert","og_description":"Tisztelt Olvas\u00f3im! Tegnap sajt\u00f3t\u00e1j\u00e9koztat\u00f3n vettem r\u00e9szt. R\u00f6videsen v\u00e1rosunkba \u00e9rkezik a 'Tour de hongrie' elnevez\u00e9s\u0171, Magyarorsz\u00e1g legnagyobb \u00e9s legr\u00e9gebbi nemzetk\u00f6zi ker\u00e9kp\u00e1ros k\u00f6rversenye. Si\u00f3fok t\u00e1mogat\u00f3ja a rendezv\u00e9nynek, ennek aprop\u00f3j\u00e1n \u00e1lltunk a verseny f\u0151szervez\u0151j\u00e9vel a m\u00e9di\u00e1k k\u00e9pvisel\u0151i el\u00e9. A 6 napos verseny Szombathelyr\u0151l indul \u00e9s 6 nap alatt Fert\u0151d-Keszthely, Kaposv\u00e1r, Si\u00f3fok, Ceg...","og_url":"https:\/\/www.lengyelrobert.hu\/index.php\/2016\/06\/03\/2016-6-3-i-facebook-bejegyzes\/","og_site_name":"dr. Lengyel R\u00f3bert","article_published_time":"2016-06-03T06:30:56+00:00","author":"webmaster","twitter_card":"summary_large_image","twitter_misc":{"Szerz\u0151:":"webmaster","Becs\u00fclt olvas\u00e1si id\u0151":"2 perc"},"schema":{"@context":"https:\/\/schema.org","@graph":[{"@type":"WebPage","@id":"https:\/\/www.lengyelrobert.hu\/index.php\/2016\/06\/03\/2016-6-3-i-facebook-bejegyzes\/","url":"https:\/\/www.lengyelrobert.hu\/index.php\/2016\/06\/03\/2016-6-3-i-facebook-bejegyzes\/","name":"2016.6.3-i Facebook bejegyz\u00e9s - dr. Lengyel R\u00f3bert","isPartOf":{"@id":"https:\/\/www.lengyelrobert.hu\/#website"},"datePublished":"2016-06-03T06:30:56+00:00","dateModified":"2016-06-03T06:30:56+00:00","author":{"@id":"https:\/\/www.lengyelrobert.hu\/#\/schema\/person\/2926fe5141a59e6530d8a411eb7bfb2d"},"breadcrumb":{"@id":"https:\/\/www.lengyelrobert.hu\/index.php\/2016\/06\/03\/2016-6-3-i-facebook-bejegyzes\/#breadcrumb"},"inLanguage":"hu","potentialAction":[{"@type":"ReadAction","target":["https:\/\/www.lengyelrobert.hu\/index.php\/2016\/06\/03\/2016-6-3-i-facebook-bejegyzes\/"]}]},{"@type":"BreadcrumbList","@id":"https:\/\/www.lengyelrobert.hu\/index.php\/2016\/06\/03\/2016-6-3-i-facebook-bejegyzes\/#breadcrumb","itemListElement":[{"@type":"ListItem","position":1,"name":"Home","item":"https:\/\/www.lengyelrobert.hu\/"},{"@type":"ListItem","position":2,"name":"2016.6.3-i Facebook bejegyz\u00e9s"}]},{"@type":"WebSite","@id":"https:\/\/www.lengyelrobert.hu\/#website","url":"https:\/\/www.lengyelrobert.hu\/","name":"dr. Lengyel R\u00f3bert","description":"A Becs\u00fclettel Si\u00f3fok\u00e9rt Egyes\u00fclet honlapja","potentialAction":[{"@type":"SearchAction","target":{"@type":"EntryPoint","urlTemplate":"https:\/\/www.lengyelrobert.hu\/?s={search_term_string}"},"query-input":{"@type":"PropertyValueSpecification","valueRequired":true,"valueName":"search_term_string"}}],"inLanguage":"hu"},{"@type":"Person","@id":"https:\/\/www.lengyelrobert.hu\/#\/schema\/person\/2926fe5141a59e6530d8a411eb7bfb2d","name":"webmaster","image":{"@type":"ImageObject","inLanguage":"hu","@id":"https:\/\/www.lengyelrobert.hu\/#\/schema\/person\/image\/","url":"https:\/\/secure.gravatar.com\/avatar\/d53f7fc01f188bb097ecc2caf950c777c2cdc1ec48a2d1726a8399a2188940b0?s=96&d=mm&r=g","contentUrl":"https:\/\/secure.gravatar.com\/avatar\/d53f7fc01f188bb097ecc2caf950c777c2cdc1ec48a2d1726a8399a2188940b0?s=96&d=mm&r=g","caption":"webmaster"},"sameAs":["https:\/\/www.lengyelrobert.hu"],"url":"https:\/\/www.lengyelrobert.hu\/index.php\/author\/webmaster\/"}]}},"_links":{"self":[{"href":"https:\/\/www.lengyelrobert.hu\/index.php\/wp-json\/wp\/v2\/posts\/3381","targetHints":{"allow":["GET"]}}],"collection":[{"href":"https:\/\/www.lengyelrobert.hu\/index.php\/wp-json\/wp\/v2\/posts"}],"about":[{"href":"https:\/\/www.lengyelrobert.hu\/index.php\/wp-json\/wp\/v2\/types\/post"}],"author":[{"embeddable":true,"href":"https:\/\/www.lengyelrobert.hu\/index.php\/wp-json\/wp\/v2\/users\/1"}],"replies":[{"embeddable":true,"href":"https:\/\/www.lengyelrobert.hu\/index.php\/wp-json\/wp\/v2\/comments?post=3381"}],"version-history":[{"count":0,"href":"https:\/\/www.lengyelrobert.hu\/index.php\/wp-json\/wp\/v2\/posts\/3381\/revisions"}],"wp:attachment":[{"href":"https:\/\/www.lengyelrobert.hu\/index.php\/wp-json\/wp\/v2\/media?parent=3381"}],"wp:term":[{"taxonomy":"category","embeddable":true,"href":"https:\/\/www.lengyelrobert.hu\/index.php\/wp-json\/wp\/v2\/categories?post=3381"},{"taxonomy":"post_tag","embeddable":true,"href":"https:\/\/www.lengyelrobert.hu\/index.php\/wp-json\/wp\/v2\/tags?post=3381"}],"curies":[{"name":"wp","href":"https:\/\/api.w.org\/{rel}","templated":true}]}}