{"id":3370,"date":"2016-06-17T09:27:30","date_gmt":"2016-06-17T09:27:30","guid":{"rendered":"https:\/\/www.lengyelrobert.hu\/2016\/06\/17\/2016-6-17-2\/"},"modified":"2016-06-17T09:27:30","modified_gmt":"2016-06-17T09:27:30","slug":"2016-6-17-i-facebook-bejegyzes-2","status":"publish","type":"post","link":"https:\/\/www.lengyelrobert.hu\/index.php\/2016\/06\/17\/2016-6-17-i-facebook-bejegyzes-2\/","title":{"rendered":"2016.6.17-i Facebook bejegyz\u00e9s"},"content":{"rendered":"<p>Kedves Olvas\u00f3! A minap az al\u00e1bbi tartalm\u00fa levelet kaptam el\u0151d\u00f6mt\u0151l, Bal\u00e1zs  \u00c1rp\u00e1d \u00fart\u00f3l: &#8220;Tisztelt Polg\u00e1rmester \u00dar! A mai napon \u00e9rtes\u00fcltem r\u00f3la, hogy  &#8220;X.Y.&#8221; az \u00d6n \u00e1ltal moder\u00e1lt Facebook k\u00f6zszerepl\u0151i oldalon a szem\u00e9lyemet is  \u00e9rint\u0151 becs\u00fclets\u00e9rt\u0151, val\u00f3tlan \u00e1ll\u00edt\u00e1sokat tett k\u00f6zz\u00e9. T\u00e1j\u00e9koztatom arr\u00f3l,  hogy a legut\u00f3bbi \u00f6nkorm\u00e1nyzati v\u00e1laszt\u00e1sok \u00f3ta semmilyen frakci\u00f3 \u00fcl\u00e9sen,  vagy titkos test\u00fcleti \u00fcl\u00e9sen nem vettem r\u00e9szt, Andy Vajn\u00e1val semmilyen  kapcsolatom nincs, \u00e9s semmilyen bej\u00e1r\u00e1son nem vettem r\u00e9szt egyetlen v\u00e1rosi  k\u00e9pvisel\u0151vel sem. K\u00e9rem, hogy 24 \u00f3r\u00e1n bel\u00fcl sz\u00edveskedj\u00e9k k\u00f6zszerepl\u0151i  oldal\u00e1r\u00f3l elt\u00e1vol\u00edtani az ezzel ellent\u00e9tes bejegyz\u00e9st, ellenkez\u0151 esetben,  mint r\u00e1galom terjeszt\u0151j\u00e9vel szemben, X.Y-al egy\u00fctt k\u00e9nytelen leszek \u00d6n  ellen is b\u00fcntet\u0151 elj\u00e1r\u00e1st kezdem\u00e9nyezni. Tisztelettel: Dr. Bal\u00e1zs \u00c1rp\u00e1d&#8221; A  v\u00e1laszom: &#8220;Tisztelt Bal\u00e1zs \u00dar, kedves \u00c1rp\u00e1d! Lenti level\u00e9nek k\u00e9zhezv\u00e9tel\u00e9t  k\u00f6vet\u0151en mind a priv\u00e1t, mind pedig a k\u00f6zszerepl\u0151i Facebook oldalam  bejegyz\u00e9seit egy h\u00e9tre visszamen\u0151en \u00e1ttekintettem, de X.Y. \u00e1ltal k\u00f6zz\u00e9tett,  az \u00d6n \u00e1ltal hivatkozott tartalm\u00fa bejegyz\u00e9st nem tal\u00e1ltam, ez\u00e9rt k\u00e9rem  sz\u00edveskedjen pontos\u00edtani melyik oldalon \u00e9s legal\u00e1bb d\u00e1tum szerint, mikor  ker\u00fclt posztol\u00e1sra a hivatkozott sz\u00f6veg. Amennyiben ez megt\u00f6rt\u00e9nik, a  le\u00edrtakra figyelemmel t\u00f6r\u00f6lni fogom. Megjegyezni k\u00edv\u00e1nom azonban, ezt  megtenn\u00e9m akkor is, ha nem fenyeget b\u00fcntet\u0151 feljelent\u00e9ssel. Tov\u00e1bbi j\u00f3  eg\u00e9szs\u00e9get k\u00edv\u00e1nok! Tisztelettel: Dr. Lengyel R\u00f3bert&#8221;  &#8212;&#8212;&#8212;&#8212;&#8212;&#8212;&#8212;&#8212;&#8212;&#8212;&#8212;&#8212;&#8212;&#8212;&#8212;&#8212;&#8212;&#8212;&#8212;&#8212;&#8212;&#8212;&#8212;&#8212;&#8212;&#8212;-  Ma 12-t\u0151l a Nagy Strand ter\u00fclet\u00e9n a Pl\u00e1zzsal kapcsolatos sajt\u00f3t\u00e1j\u00e9koztat\u00f3n  veszek r\u00e9szt. A &#8216;Pl\u00e1zs Si\u00f3fok Official&#8217; FB oldalon a programok folyamatos  friss\u00edt\u00e9s mellett megtekinthet\u0151ek. Eg\u00e9sz ny\u00e1ron v\u00e1rj\u00e1k a sz\u00f3rakozni v\u00e1gy\u00f3  kedves vend\u00e9geket. Sz\u00e9p h\u00e9tv\u00e9g\u00e9t k\u00edv\u00e1nva mindenkinek, bar\u00e1ts\u00e1ggal: R.<\/p>\n","protected":false},"excerpt":{"rendered":"<p>Kedves Olvas\u00f3! A minap az al\u00e1bbi tartalm\u00fa levelet kaptam el\u0151d\u00f6mt\u0151l, Bal\u00e1zs<br \/>\n\u00c1rp\u00e1d \u00fart\u00f3l: &#8220;Tisztelt Polg\u00e1rmester \u00dar! A mai napon \u00e9rtes\u00fcltem r\u00f3la, hogy<br \/>\n&#8220;X.Y.&#8221; az \u00d6n \u00e1ltal moder\u00e1lt Facebook k\u00f6zszerepl\u0151i oldalon a szem\u00e9lyemet is<br \/>\n\u00e9rint\u0151 becs\u00fclets\u00e9rt\u0151, val\u00f3tlan \u00e1ll\u00edt\u00e1sokat tett k\u00f6zz\u00e9. T\u00e1j\u00e9koztatom arr\u00f3l,<br \/>\nhogy a legut\u00f3bbi \u00f6nkorm\u00e1nyzati v\u00e1laszt\u00e1sok \u00f3ta semmilyen frakci\u00f3 \u00fcl\u00e9sen,<br \/>\nvagy titkos test\u00fcleti \u00fc&#8230;<\/p>\n","protected":false},"author":1,"featured_media":0,"comment_status":"open","ping_status":"open","sticky":false,"template":"","format":"standard","meta":{"_acf_changed":false,"_et_pb_use_builder":"","_et_pb_old_content":"","_et_gb_content_width":"","footnotes":""},"categories":[1],"tags":[],"class_list":["post-3370","post","type-post","status-publish","format-standard","hentry","category-uncategorized"],"acf":[],"yoast_head":"<!-- This site is optimized with the Yoast SEO plugin v23.8 - https:\/\/yoast.com\/wordpress\/plugins\/seo\/ -->\n<title>2016.6.17-i Facebook bejegyz\u00e9s - dr. Lengyel R\u00f3bert<\/title>\n<meta name=\"robots\" content=\"index, follow, max-snippet:-1, max-image-preview:large, max-video-preview:-1\" \/>\n<link rel=\"canonical\" href=\"https:\/\/www.lengyelrobert.hu\/index.php\/2016\/06\/17\/2016-6-17-i-facebook-bejegyzes-2\/\" \/>\n<meta property=\"og:locale\" content=\"hu_HU\" \/>\n<meta property=\"og:type\" content=\"article\" \/>\n<meta property=\"og:title\" content=\"2016.6.17-i Facebook bejegyz\u00e9s - dr. Lengyel R\u00f3bert\" \/>\n<meta property=\"og:description\" content=\"Kedves Olvas\u00f3! A minap az al\u00e1bbi tartalm\u00fa levelet kaptam el\u0151d\u00f6mt\u0151l, Bal\u00e1zs \u00c1rp\u00e1d \u00fart\u00f3l: &quot;Tisztelt Polg\u00e1rmester \u00dar! A mai napon \u00e9rtes\u00fcltem r\u00f3la, hogy &quot;X.Y.&quot; az \u00d6n \u00e1ltal moder\u00e1lt Facebook k\u00f6zszerepl\u0151i oldalon a szem\u00e9lyemet is \u00e9rint\u0151 becs\u00fclets\u00e9rt\u0151, val\u00f3tlan \u00e1ll\u00edt\u00e1sokat tett k\u00f6zz\u00e9. T\u00e1j\u00e9koztatom arr\u00f3l, hogy a legut\u00f3bbi \u00f6nkorm\u00e1nyzati v\u00e1laszt\u00e1sok \u00f3ta semmilyen frakci\u00f3 \u00fcl\u00e9sen, vagy titkos test\u00fcleti \u00fc...\" \/>\n<meta property=\"og:url\" content=\"https:\/\/www.lengyelrobert.hu\/index.php\/2016\/06\/17\/2016-6-17-i-facebook-bejegyzes-2\/\" \/>\n<meta property=\"og:site_name\" content=\"dr. Lengyel R\u00f3bert\" \/>\n<meta property=\"article:published_time\" content=\"2016-06-17T09:27:30+00:00\" \/>\n<meta name=\"author\" content=\"webmaster\" \/>\n<meta name=\"twitter:card\" content=\"summary_large_image\" \/>\n<meta name=\"twitter:label1\" content=\"Szerz\u0151:\" \/>\n\t<meta name=\"twitter:data1\" content=\"webmaster\" \/>\n\t<meta name=\"twitter:label2\" content=\"Becs\u00fclt olvas\u00e1si id\u0151\" \/>\n\t<meta name=\"twitter:data2\" content=\"2 perc\" \/>\n<script type=\"application\/ld+json\" class=\"yoast-schema-graph\">{\"@context\":\"https:\/\/schema.org\",\"@graph\":[{\"@type\":\"WebPage\",\"@id\":\"https:\/\/www.lengyelrobert.hu\/index.php\/2016\/06\/17\/2016-6-17-i-facebook-bejegyzes-2\/\",\"url\":\"https:\/\/www.lengyelrobert.hu\/index.php\/2016\/06\/17\/2016-6-17-i-facebook-bejegyzes-2\/\",\"name\":\"2016.6.17-i Facebook bejegyz\u00e9s - dr. Lengyel R\u00f3bert\",\"isPartOf\":{\"@id\":\"https:\/\/www.lengyelrobert.hu\/#website\"},\"datePublished\":\"2016-06-17T09:27:30+00:00\",\"dateModified\":\"2016-06-17T09:27:30+00:00\",\"author\":{\"@id\":\"https:\/\/www.lengyelrobert.hu\/#\/schema\/person\/2926fe5141a59e6530d8a411eb7bfb2d\"},\"breadcrumb\":{\"@id\":\"https:\/\/www.lengyelrobert.hu\/index.php\/2016\/06\/17\/2016-6-17-i-facebook-bejegyzes-2\/#breadcrumb\"},\"inLanguage\":\"hu\",\"potentialAction\":[{\"@type\":\"ReadAction\",\"target\":[\"https:\/\/www.lengyelrobert.hu\/index.php\/2016\/06\/17\/2016-6-17-i-facebook-bejegyzes-2\/\"]}]},{\"@type\":\"BreadcrumbList\",\"@id\":\"https:\/\/www.lengyelrobert.hu\/index.php\/2016\/06\/17\/2016-6-17-i-facebook-bejegyzes-2\/#breadcrumb\",\"itemListElement\":[{\"@type\":\"ListItem\",\"position\":1,\"name\":\"Home\",\"item\":\"https:\/\/www.lengyelrobert.hu\/\"},{\"@type\":\"ListItem\",\"position\":2,\"name\":\"2016.6.17-i Facebook bejegyz\u00e9s\"}]},{\"@type\":\"WebSite\",\"@id\":\"https:\/\/www.lengyelrobert.hu\/#website\",\"url\":\"https:\/\/www.lengyelrobert.hu\/\",\"name\":\"dr. Lengyel R\u00f3bert\",\"description\":\"A Becs\u00fclettel Si\u00f3fok\u00e9rt Egyes\u00fclet honlapja\",\"potentialAction\":[{\"@type\":\"SearchAction\",\"target\":{\"@type\":\"EntryPoint\",\"urlTemplate\":\"https:\/\/www.lengyelrobert.hu\/?s={search_term_string}\"},\"query-input\":{\"@type\":\"PropertyValueSpecification\",\"valueRequired\":true,\"valueName\":\"search_term_string\"}}],\"inLanguage\":\"hu\"},{\"@type\":\"Person\",\"@id\":\"https:\/\/www.lengyelrobert.hu\/#\/schema\/person\/2926fe5141a59e6530d8a411eb7bfb2d\",\"name\":\"webmaster\",\"image\":{\"@type\":\"ImageObject\",\"inLanguage\":\"hu\",\"@id\":\"https:\/\/www.lengyelrobert.hu\/#\/schema\/person\/image\/\",\"url\":\"https:\/\/secure.gravatar.com\/avatar\/d53f7fc01f188bb097ecc2caf950c777c2cdc1ec48a2d1726a8399a2188940b0?s=96&d=mm&r=g\",\"contentUrl\":\"https:\/\/secure.gravatar.com\/avatar\/d53f7fc01f188bb097ecc2caf950c777c2cdc1ec48a2d1726a8399a2188940b0?s=96&d=mm&r=g\",\"caption\":\"webmaster\"},\"sameAs\":[\"https:\/\/www.lengyelrobert.hu\"],\"url\":\"https:\/\/www.lengyelrobert.hu\/index.php\/author\/webmaster\/\"}]}<\/script>\n<!-- \/ Yoast SEO plugin. -->","yoast_head_json":{"title":"2016.6.17-i Facebook bejegyz\u00e9s - dr. Lengyel R\u00f3bert","robots":{"index":"index","follow":"follow","max-snippet":"max-snippet:-1","max-image-preview":"max-image-preview:large","max-video-preview":"max-video-preview:-1"},"canonical":"https:\/\/www.lengyelrobert.hu\/index.php\/2016\/06\/17\/2016-6-17-i-facebook-bejegyzes-2\/","og_locale":"hu_HU","og_type":"article","og_title":"2016.6.17-i Facebook bejegyz\u00e9s - dr. Lengyel R\u00f3bert","og_description":"Kedves Olvas\u00f3! A minap az al\u00e1bbi tartalm\u00fa levelet kaptam el\u0151d\u00f6mt\u0151l, Bal\u00e1zs \u00c1rp\u00e1d \u00fart\u00f3l: \"Tisztelt Polg\u00e1rmester \u00dar! A mai napon \u00e9rtes\u00fcltem r\u00f3la, hogy \"X.Y.\" az \u00d6n \u00e1ltal moder\u00e1lt Facebook k\u00f6zszerepl\u0151i oldalon a szem\u00e9lyemet is \u00e9rint\u0151 becs\u00fclets\u00e9rt\u0151, val\u00f3tlan \u00e1ll\u00edt\u00e1sokat tett k\u00f6zz\u00e9. T\u00e1j\u00e9koztatom arr\u00f3l, hogy a legut\u00f3bbi \u00f6nkorm\u00e1nyzati v\u00e1laszt\u00e1sok \u00f3ta semmilyen frakci\u00f3 \u00fcl\u00e9sen, vagy titkos test\u00fcleti \u00fc...","og_url":"https:\/\/www.lengyelrobert.hu\/index.php\/2016\/06\/17\/2016-6-17-i-facebook-bejegyzes-2\/","og_site_name":"dr. Lengyel R\u00f3bert","article_published_time":"2016-06-17T09:27:30+00:00","author":"webmaster","twitter_card":"summary_large_image","twitter_misc":{"Szerz\u0151:":"webmaster","Becs\u00fclt olvas\u00e1si id\u0151":"2 perc"},"schema":{"@context":"https:\/\/schema.org","@graph":[{"@type":"WebPage","@id":"https:\/\/www.lengyelrobert.hu\/index.php\/2016\/06\/17\/2016-6-17-i-facebook-bejegyzes-2\/","url":"https:\/\/www.lengyelrobert.hu\/index.php\/2016\/06\/17\/2016-6-17-i-facebook-bejegyzes-2\/","name":"2016.6.17-i Facebook bejegyz\u00e9s - dr. Lengyel R\u00f3bert","isPartOf":{"@id":"https:\/\/www.lengyelrobert.hu\/#website"},"datePublished":"2016-06-17T09:27:30+00:00","dateModified":"2016-06-17T09:27:30+00:00","author":{"@id":"https:\/\/www.lengyelrobert.hu\/#\/schema\/person\/2926fe5141a59e6530d8a411eb7bfb2d"},"breadcrumb":{"@id":"https:\/\/www.lengyelrobert.hu\/index.php\/2016\/06\/17\/2016-6-17-i-facebook-bejegyzes-2\/#breadcrumb"},"inLanguage":"hu","potentialAction":[{"@type":"ReadAction","target":["https:\/\/www.lengyelrobert.hu\/index.php\/2016\/06\/17\/2016-6-17-i-facebook-bejegyzes-2\/"]}]},{"@type":"BreadcrumbList","@id":"https:\/\/www.lengyelrobert.hu\/index.php\/2016\/06\/17\/2016-6-17-i-facebook-bejegyzes-2\/#breadcrumb","itemListElement":[{"@type":"ListItem","position":1,"name":"Home","item":"https:\/\/www.lengyelrobert.hu\/"},{"@type":"ListItem","position":2,"name":"2016.6.17-i Facebook bejegyz\u00e9s"}]},{"@type":"WebSite","@id":"https:\/\/www.lengyelrobert.hu\/#website","url":"https:\/\/www.lengyelrobert.hu\/","name":"dr. Lengyel R\u00f3bert","description":"A Becs\u00fclettel Si\u00f3fok\u00e9rt Egyes\u00fclet honlapja","potentialAction":[{"@type":"SearchAction","target":{"@type":"EntryPoint","urlTemplate":"https:\/\/www.lengyelrobert.hu\/?s={search_term_string}"},"query-input":{"@type":"PropertyValueSpecification","valueRequired":true,"valueName":"search_term_string"}}],"inLanguage":"hu"},{"@type":"Person","@id":"https:\/\/www.lengyelrobert.hu\/#\/schema\/person\/2926fe5141a59e6530d8a411eb7bfb2d","name":"webmaster","image":{"@type":"ImageObject","inLanguage":"hu","@id":"https:\/\/www.lengyelrobert.hu\/#\/schema\/person\/image\/","url":"https:\/\/secure.gravatar.com\/avatar\/d53f7fc01f188bb097ecc2caf950c777c2cdc1ec48a2d1726a8399a2188940b0?s=96&d=mm&r=g","contentUrl":"https:\/\/secure.gravatar.com\/avatar\/d53f7fc01f188bb097ecc2caf950c777c2cdc1ec48a2d1726a8399a2188940b0?s=96&d=mm&r=g","caption":"webmaster"},"sameAs":["https:\/\/www.lengyelrobert.hu"],"url":"https:\/\/www.lengyelrobert.hu\/index.php\/author\/webmaster\/"}]}},"_links":{"self":[{"href":"https:\/\/www.lengyelrobert.hu\/index.php\/wp-json\/wp\/v2\/posts\/3370","targetHints":{"allow":["GET"]}}],"collection":[{"href":"https:\/\/www.lengyelrobert.hu\/index.php\/wp-json\/wp\/v2\/posts"}],"about":[{"href":"https:\/\/www.lengyelrobert.hu\/index.php\/wp-json\/wp\/v2\/types\/post"}],"author":[{"embeddable":true,"href":"https:\/\/www.lengyelrobert.hu\/index.php\/wp-json\/wp\/v2\/users\/1"}],"replies":[{"embeddable":true,"href":"https:\/\/www.lengyelrobert.hu\/index.php\/wp-json\/wp\/v2\/comments?post=3370"}],"version-history":[{"count":0,"href":"https:\/\/www.lengyelrobert.hu\/index.php\/wp-json\/wp\/v2\/posts\/3370\/revisions"}],"wp:attachment":[{"href":"https:\/\/www.lengyelrobert.hu\/index.php\/wp-json\/wp\/v2\/media?parent=3370"}],"wp:term":[{"taxonomy":"category","embeddable":true,"href":"https:\/\/www.lengyelrobert.hu\/index.php\/wp-json\/wp\/v2\/categories?post=3370"},{"taxonomy":"post_tag","embeddable":true,"href":"https:\/\/www.lengyelrobert.hu\/index.php\/wp-json\/wp\/v2\/tags?post=3370"}],"curies":[{"name":"wp","href":"https:\/\/api.w.org\/{rel}","templated":true}]}}