{"id":3366,"date":"2016-06-22T13:11:23","date_gmt":"2016-06-22T13:11:23","guid":{"rendered":"https:\/\/www.lengyelrobert.hu\/2016\/06\/22\/2016-6-22\/"},"modified":"2016-06-22T13:11:23","modified_gmt":"2016-06-22T13:11:23","slug":"2016-6-22-i-facebook-bejegyzes","status":"publish","type":"post","link":"https:\/\/www.lengyelrobert.hu\/index.php\/2016\/06\/22\/2016-6-22-i-facebook-bejegyzes\/","title":{"rendered":"2016.6.22-i Facebook bejegyz\u00e9s"},"content":{"rendered":"<p>Tisztelt Olvas\u00f3! V\u00e1rosunk z\u00f6ldter\u00fcleteinek 80 %-\u00e1n a karbantart\u00e1st,  szerz\u0151d\u00e9s alapj\u00e1n, jelenleg az NHSZ Kertfok Kft. v\u00e9gzi. Az elm\u00falt  id\u0151szakban k\u00f6zter\u00fcleteink \u00e1llapot\u00e1t v\u00e1ros szerte sz\u00e1mos kritika \u00e9rte.  Legut\u00f3bb Mez\u0151fin\u00e9 k\u00e9pvisel\u0151 t\u00e1rsam jelezte a R\u00f3zsakert eset\u00e9ben, hogy az  ott l\u00e9v\u0151 padok t\u00f6bb helyen rong\u00e1l\u00f3dtak, fest\u00e9s\u00fck megkopott, a f\u0171 t\u00faln\u0151tt,  stb. stb. Hivatalunk illet\u00e9kes oszt\u00e1lya folyamatosan felh\u00edvja az \u00e9rintett  kft. figyelm\u00e9t a tapasztalt hi\u00e1nyoss\u00e1gokra, legut\u00f3bb az \u00e1ltaluk  kisz\u00e1ml\u00e1zott \u00f6sszeget sem fizett\u00fck ki, ezzel egy\u00fctt a t\u00fcrelmem elfogyott.  Koll\u00e9g\u00e1im a ter\u00fcleten szeml\u00e9t tartottak, ennek folyam\u00e1nyak\u00e9nt, ma lev\u00e9lben  sz\u00f3l\u00edtottam fel a Kertfok \u00fcgyvezet\u0151j\u00e9t a k\u00f6vetkez\u0151kre. &#8220;&#8230; A mai napon  tartott helysz\u00edni bej\u00e1r\u00e1son l\u00e1tottak alapj\u00e1n elfogadhatatlannak tartom,  hogy Si\u00f3fok v\u00e1rosa a ny\u00e1ri f\u0151szezonban ilyen m\u00e9rt\u00e9k\u0171 elhanyagolt  k\u00f6zter\u00fcletekkel rendelkezzen (a R\u00f3zsakert r\u00f3zsa\u00e1gy\u00e1sai gyomosak, a Besz\u00e9des  s\u00e9t\u00e1nyon kasz\u00e1latlan ter\u00fcletek vannak, a s\u00f6v\u00e9nyek ny\u00edr\u00e1sa sok hely\u00fctt  elmaradt). A fentiek alapj\u00e1n sajn\u00e1lattal \u00e1llap\u00edtom meg, hogy \u00d6n, mint az  NHSZ Kertfok Kft. \u00fcgyvezet\u0151je folyamatosan megszegi, nem tartja be a  2016.03.30-\u00e1n k\u00f6t\u00f6tt v\u00e1llalkoz\u00e1si szerz\u0151d\u00e9sben foglaltakat. Si\u00f3fok v\u00e1ros  polg\u00e1rmesterek\u00e9nt felh\u00edvom, hogy 48 \u00f3r\u00e1n bel\u00fcl az elmaradt munk\u00e1kat  elv\u00e9geztetni \u00e9s a tov\u00e1bbiakban a z\u00f6ldter\u00fcleteket szerz\u0151d\u00e9s szerint  kezeltetni sz\u00edveskedj\u00e9k. Felh\u00edvom figyelm\u00e9t tov\u00e1bb\u00e1, hogy amennyiben a  j\u00f6v\u0151ben nem javul a fenntart\u00e1si munk\u00e1juk sz\u00ednvonala, nem lesznek k\u00e9pesek a  szerz\u0151d\u00e9sben v\u00e1llaltakat teljes\u00edteni, \u00fagy a szerz\u0151d\u00e9s felbont\u00e1s\u00e1t fogom  kezdem\u00e9nyezni.&#8221; Tegnap a sajt\u00f3b\u00f3l \u00e9s a FB-r\u00f3l is \u00e9rtes\u00fcltem, hogy az  el\u0151d\u00f6m, Bal\u00e1zs \u00c1rp\u00e1d \u00e1ltal feljelentett, majd rabos\u00edtott 17 si\u00f3foki polg\u00e1r  eset\u00e9ben, a r\u00e1galmaz\u00e1si \u00fcgyben a b\u00edr\u00f3s\u00e1g \u00e1ll\u00e1st foglalt, miszerint &#8216;nem  k\u00f6vettek el b\u0171ncselekm\u00e9nyt&#8217;. Szerintem sem \u00e9s k\u00edv\u00e1nom, miel\u0151bb tudj\u00e1k  t\u00faltenni magukat ezen a m\u00e9ltatlan tort\u00far\u00e1n. Bar\u00e1ts\u00e1ggal: R. A h\u00e9tv\u00e9gi balh\u00e9  \u00e9s a balh\u00e9sok&#8230;  http:\/\/www.sonline.hu\/somogy\/kozelet\/gyava-vad-csorda-ujra-siofokon-az-enyingi-banda-670963<\/p>\n","protected":false},"excerpt":{"rendered":"<p>Tisztelt Olvas\u00f3! V\u00e1rosunk z\u00f6ldter\u00fcleteinek 80 %-\u00e1n a karbantart\u00e1st,<br \/>\nszerz\u0151d\u00e9s alapj\u00e1n, jelenleg az NHSZ Kertfok Kft. v\u00e9gzi. Az elm\u00falt<br \/>\nid\u0151szakban k\u00f6zter\u00fcleteink \u00e1llapot\u00e1t v\u00e1ros szerte sz\u00e1mos kritika \u00e9rte.<br \/>\nLegut\u00f3bb Mez\u0151fin\u00e9 k\u00e9pvisel\u0151 t\u00e1rsam jelezte a R\u00f3zsakert eset\u00e9ben, hogy az<br \/>\nott l\u00e9v\u0151 padok t\u00f6bb helyen rong\u00e1l\u00f3dtak, fest\u00e9s\u00fck megkopott, a f\u0171 t\u00faln\u0151tt,<br \/>\nstb. stb. Hivatalunk illet\u00e9kes oszt\u00e1lya foly&#8230;<\/p>\n","protected":false},"author":1,"featured_media":0,"comment_status":"open","ping_status":"open","sticky":false,"template":"","format":"standard","meta":{"_acf_changed":false,"_et_pb_use_builder":"","_et_pb_old_content":"","_et_gb_content_width":"","footnotes":""},"categories":[1],"tags":[],"class_list":["post-3366","post","type-post","status-publish","format-standard","hentry","category-uncategorized"],"acf":[],"yoast_head":"<!-- This site is optimized with the Yoast SEO plugin v23.8 - https:\/\/yoast.com\/wordpress\/plugins\/seo\/ -->\n<title>2016.6.22-i Facebook bejegyz\u00e9s - dr. Lengyel R\u00f3bert<\/title>\n<meta name=\"robots\" content=\"index, follow, max-snippet:-1, max-image-preview:large, max-video-preview:-1\" \/>\n<link rel=\"canonical\" href=\"https:\/\/www.lengyelrobert.hu\/index.php\/2016\/06\/22\/2016-6-22-i-facebook-bejegyzes\/\" \/>\n<meta property=\"og:locale\" content=\"hu_HU\" \/>\n<meta property=\"og:type\" content=\"article\" \/>\n<meta property=\"og:title\" content=\"2016.6.22-i Facebook bejegyz\u00e9s - dr. Lengyel R\u00f3bert\" \/>\n<meta property=\"og:description\" content=\"Tisztelt Olvas\u00f3! V\u00e1rosunk z\u00f6ldter\u00fcleteinek 80 %-\u00e1n a karbantart\u00e1st, szerz\u0151d\u00e9s alapj\u00e1n, jelenleg az NHSZ Kertfok Kft. v\u00e9gzi. Az elm\u00falt id\u0151szakban k\u00f6zter\u00fcleteink \u00e1llapot\u00e1t v\u00e1ros szerte sz\u00e1mos kritika \u00e9rte. Legut\u00f3bb Mez\u0151fin\u00e9 k\u00e9pvisel\u0151 t\u00e1rsam jelezte a R\u00f3zsakert eset\u00e9ben, hogy az ott l\u00e9v\u0151 padok t\u00f6bb helyen rong\u00e1l\u00f3dtak, fest\u00e9s\u00fck megkopott, a f\u0171 t\u00faln\u0151tt, stb. stb. Hivatalunk illet\u00e9kes oszt\u00e1lya foly...\" \/>\n<meta property=\"og:url\" content=\"https:\/\/www.lengyelrobert.hu\/index.php\/2016\/06\/22\/2016-6-22-i-facebook-bejegyzes\/\" \/>\n<meta property=\"og:site_name\" content=\"dr. Lengyel R\u00f3bert\" \/>\n<meta property=\"article:published_time\" content=\"2016-06-22T13:11:23+00:00\" \/>\n<meta name=\"author\" content=\"webmaster\" \/>\n<meta name=\"twitter:card\" content=\"summary_large_image\" \/>\n<meta name=\"twitter:label1\" content=\"Szerz\u0151:\" \/>\n\t<meta name=\"twitter:data1\" content=\"webmaster\" \/>\n\t<meta name=\"twitter:label2\" content=\"Becs\u00fclt olvas\u00e1si id\u0151\" \/>\n\t<meta name=\"twitter:data2\" content=\"2 perc\" \/>\n<script type=\"application\/ld+json\" class=\"yoast-schema-graph\">{\"@context\":\"https:\/\/schema.org\",\"@graph\":[{\"@type\":\"WebPage\",\"@id\":\"https:\/\/www.lengyelrobert.hu\/index.php\/2016\/06\/22\/2016-6-22-i-facebook-bejegyzes\/\",\"url\":\"https:\/\/www.lengyelrobert.hu\/index.php\/2016\/06\/22\/2016-6-22-i-facebook-bejegyzes\/\",\"name\":\"2016.6.22-i Facebook bejegyz\u00e9s - dr. Lengyel R\u00f3bert\",\"isPartOf\":{\"@id\":\"https:\/\/www.lengyelrobert.hu\/#website\"},\"datePublished\":\"2016-06-22T13:11:23+00:00\",\"dateModified\":\"2016-06-22T13:11:23+00:00\",\"author\":{\"@id\":\"https:\/\/www.lengyelrobert.hu\/#\/schema\/person\/2926fe5141a59e6530d8a411eb7bfb2d\"},\"breadcrumb\":{\"@id\":\"https:\/\/www.lengyelrobert.hu\/index.php\/2016\/06\/22\/2016-6-22-i-facebook-bejegyzes\/#breadcrumb\"},\"inLanguage\":\"hu\",\"potentialAction\":[{\"@type\":\"ReadAction\",\"target\":[\"https:\/\/www.lengyelrobert.hu\/index.php\/2016\/06\/22\/2016-6-22-i-facebook-bejegyzes\/\"]}]},{\"@type\":\"BreadcrumbList\",\"@id\":\"https:\/\/www.lengyelrobert.hu\/index.php\/2016\/06\/22\/2016-6-22-i-facebook-bejegyzes\/#breadcrumb\",\"itemListElement\":[{\"@type\":\"ListItem\",\"position\":1,\"name\":\"Home\",\"item\":\"https:\/\/www.lengyelrobert.hu\/\"},{\"@type\":\"ListItem\",\"position\":2,\"name\":\"2016.6.22-i Facebook bejegyz\u00e9s\"}]},{\"@type\":\"WebSite\",\"@id\":\"https:\/\/www.lengyelrobert.hu\/#website\",\"url\":\"https:\/\/www.lengyelrobert.hu\/\",\"name\":\"dr. Lengyel R\u00f3bert\",\"description\":\"A Becs\u00fclettel Si\u00f3fok\u00e9rt Egyes\u00fclet honlapja\",\"potentialAction\":[{\"@type\":\"SearchAction\",\"target\":{\"@type\":\"EntryPoint\",\"urlTemplate\":\"https:\/\/www.lengyelrobert.hu\/?s={search_term_string}\"},\"query-input\":{\"@type\":\"PropertyValueSpecification\",\"valueRequired\":true,\"valueName\":\"search_term_string\"}}],\"inLanguage\":\"hu\"},{\"@type\":\"Person\",\"@id\":\"https:\/\/www.lengyelrobert.hu\/#\/schema\/person\/2926fe5141a59e6530d8a411eb7bfb2d\",\"name\":\"webmaster\",\"image\":{\"@type\":\"ImageObject\",\"inLanguage\":\"hu\",\"@id\":\"https:\/\/www.lengyelrobert.hu\/#\/schema\/person\/image\/\",\"url\":\"https:\/\/secure.gravatar.com\/avatar\/d53f7fc01f188bb097ecc2caf950c777c2cdc1ec48a2d1726a8399a2188940b0?s=96&d=mm&r=g\",\"contentUrl\":\"https:\/\/secure.gravatar.com\/avatar\/d53f7fc01f188bb097ecc2caf950c777c2cdc1ec48a2d1726a8399a2188940b0?s=96&d=mm&r=g\",\"caption\":\"webmaster\"},\"sameAs\":[\"https:\/\/www.lengyelrobert.hu\"],\"url\":\"https:\/\/www.lengyelrobert.hu\/index.php\/author\/webmaster\/\"}]}<\/script>\n<!-- \/ Yoast SEO plugin. -->","yoast_head_json":{"title":"2016.6.22-i Facebook bejegyz\u00e9s - dr. Lengyel R\u00f3bert","robots":{"index":"index","follow":"follow","max-snippet":"max-snippet:-1","max-image-preview":"max-image-preview:large","max-video-preview":"max-video-preview:-1"},"canonical":"https:\/\/www.lengyelrobert.hu\/index.php\/2016\/06\/22\/2016-6-22-i-facebook-bejegyzes\/","og_locale":"hu_HU","og_type":"article","og_title":"2016.6.22-i Facebook bejegyz\u00e9s - dr. Lengyel R\u00f3bert","og_description":"Tisztelt Olvas\u00f3! V\u00e1rosunk z\u00f6ldter\u00fcleteinek 80 %-\u00e1n a karbantart\u00e1st, szerz\u0151d\u00e9s alapj\u00e1n, jelenleg az NHSZ Kertfok Kft. v\u00e9gzi. Az elm\u00falt id\u0151szakban k\u00f6zter\u00fcleteink \u00e1llapot\u00e1t v\u00e1ros szerte sz\u00e1mos kritika \u00e9rte. Legut\u00f3bb Mez\u0151fin\u00e9 k\u00e9pvisel\u0151 t\u00e1rsam jelezte a R\u00f3zsakert eset\u00e9ben, hogy az ott l\u00e9v\u0151 padok t\u00f6bb helyen rong\u00e1l\u00f3dtak, fest\u00e9s\u00fck megkopott, a f\u0171 t\u00faln\u0151tt, stb. stb. Hivatalunk illet\u00e9kes oszt\u00e1lya foly...","og_url":"https:\/\/www.lengyelrobert.hu\/index.php\/2016\/06\/22\/2016-6-22-i-facebook-bejegyzes\/","og_site_name":"dr. Lengyel R\u00f3bert","article_published_time":"2016-06-22T13:11:23+00:00","author":"webmaster","twitter_card":"summary_large_image","twitter_misc":{"Szerz\u0151:":"webmaster","Becs\u00fclt olvas\u00e1si id\u0151":"2 perc"},"schema":{"@context":"https:\/\/schema.org","@graph":[{"@type":"WebPage","@id":"https:\/\/www.lengyelrobert.hu\/index.php\/2016\/06\/22\/2016-6-22-i-facebook-bejegyzes\/","url":"https:\/\/www.lengyelrobert.hu\/index.php\/2016\/06\/22\/2016-6-22-i-facebook-bejegyzes\/","name":"2016.6.22-i Facebook bejegyz\u00e9s - dr. Lengyel R\u00f3bert","isPartOf":{"@id":"https:\/\/www.lengyelrobert.hu\/#website"},"datePublished":"2016-06-22T13:11:23+00:00","dateModified":"2016-06-22T13:11:23+00:00","author":{"@id":"https:\/\/www.lengyelrobert.hu\/#\/schema\/person\/2926fe5141a59e6530d8a411eb7bfb2d"},"breadcrumb":{"@id":"https:\/\/www.lengyelrobert.hu\/index.php\/2016\/06\/22\/2016-6-22-i-facebook-bejegyzes\/#breadcrumb"},"inLanguage":"hu","potentialAction":[{"@type":"ReadAction","target":["https:\/\/www.lengyelrobert.hu\/index.php\/2016\/06\/22\/2016-6-22-i-facebook-bejegyzes\/"]}]},{"@type":"BreadcrumbList","@id":"https:\/\/www.lengyelrobert.hu\/index.php\/2016\/06\/22\/2016-6-22-i-facebook-bejegyzes\/#breadcrumb","itemListElement":[{"@type":"ListItem","position":1,"name":"Home","item":"https:\/\/www.lengyelrobert.hu\/"},{"@type":"ListItem","position":2,"name":"2016.6.22-i Facebook bejegyz\u00e9s"}]},{"@type":"WebSite","@id":"https:\/\/www.lengyelrobert.hu\/#website","url":"https:\/\/www.lengyelrobert.hu\/","name":"dr. Lengyel R\u00f3bert","description":"A Becs\u00fclettel Si\u00f3fok\u00e9rt Egyes\u00fclet honlapja","potentialAction":[{"@type":"SearchAction","target":{"@type":"EntryPoint","urlTemplate":"https:\/\/www.lengyelrobert.hu\/?s={search_term_string}"},"query-input":{"@type":"PropertyValueSpecification","valueRequired":true,"valueName":"search_term_string"}}],"inLanguage":"hu"},{"@type":"Person","@id":"https:\/\/www.lengyelrobert.hu\/#\/schema\/person\/2926fe5141a59e6530d8a411eb7bfb2d","name":"webmaster","image":{"@type":"ImageObject","inLanguage":"hu","@id":"https:\/\/www.lengyelrobert.hu\/#\/schema\/person\/image\/","url":"https:\/\/secure.gravatar.com\/avatar\/d53f7fc01f188bb097ecc2caf950c777c2cdc1ec48a2d1726a8399a2188940b0?s=96&d=mm&r=g","contentUrl":"https:\/\/secure.gravatar.com\/avatar\/d53f7fc01f188bb097ecc2caf950c777c2cdc1ec48a2d1726a8399a2188940b0?s=96&d=mm&r=g","caption":"webmaster"},"sameAs":["https:\/\/www.lengyelrobert.hu"],"url":"https:\/\/www.lengyelrobert.hu\/index.php\/author\/webmaster\/"}]}},"_links":{"self":[{"href":"https:\/\/www.lengyelrobert.hu\/index.php\/wp-json\/wp\/v2\/posts\/3366","targetHints":{"allow":["GET"]}}],"collection":[{"href":"https:\/\/www.lengyelrobert.hu\/index.php\/wp-json\/wp\/v2\/posts"}],"about":[{"href":"https:\/\/www.lengyelrobert.hu\/index.php\/wp-json\/wp\/v2\/types\/post"}],"author":[{"embeddable":true,"href":"https:\/\/www.lengyelrobert.hu\/index.php\/wp-json\/wp\/v2\/users\/1"}],"replies":[{"embeddable":true,"href":"https:\/\/www.lengyelrobert.hu\/index.php\/wp-json\/wp\/v2\/comments?post=3366"}],"version-history":[{"count":0,"href":"https:\/\/www.lengyelrobert.hu\/index.php\/wp-json\/wp\/v2\/posts\/3366\/revisions"}],"wp:attachment":[{"href":"https:\/\/www.lengyelrobert.hu\/index.php\/wp-json\/wp\/v2\/media?parent=3366"}],"wp:term":[{"taxonomy":"category","embeddable":true,"href":"https:\/\/www.lengyelrobert.hu\/index.php\/wp-json\/wp\/v2\/categories?post=3366"},{"taxonomy":"post_tag","embeddable":true,"href":"https:\/\/www.lengyelrobert.hu\/index.php\/wp-json\/wp\/v2\/tags?post=3366"}],"curies":[{"name":"wp","href":"https:\/\/api.w.org\/{rel}","templated":true}]}}