{"id":3324,"date":"2016-10-03T08:20:13","date_gmt":"2016-10-03T08:20:13","guid":{"rendered":"https:\/\/www.lengyelrobert.hu\/2016\/10\/03\/2016-10-3\/"},"modified":"2016-10-03T08:20:13","modified_gmt":"2016-10-03T08:20:13","slug":"2016-10-3-i-facebook-bejegyzes","status":"publish","type":"post","link":"https:\/\/www.lengyelrobert.hu\/index.php\/2016\/10\/03\/2016-10-3-i-facebook-bejegyzes\/","title":{"rendered":"2016.10.3-i Facebook bejegyz\u00e9s"},"content":{"rendered":"<p>Tisztelt Olvas\u00f3im! M\u00e9g p\u00e9ntek d\u00e9lut\u00e1n a kiliti rept\u00e9ren vettem r\u00e9szt a  Nyugd\u00edjasok Si\u00f3foki Egyes\u00fclete eln\u00f6k\u00e9nek, J\u00e1nossy G\u00e1bor \u00far megh\u00edv\u00e1s\u00e1nak  eleget t\u00e9ve az egyes\u00fclet rendezv\u00e9ny\u00e9n. Ennek keret\u00e9ben helyi nyugd\u00edjasaink  vend\u00e9g\u00fcl l\u00e1tt\u00e1k testv\u00e9r egyes\u00fclet\u00fck 70 f\u0151s deleg\u00e1ci\u00f3j\u00e1t is V\u00f6r\u00f6sber\u00e9nyb\u0151l.  Kiv\u00e1l\u00f3 hangulat, kiv\u00e1l\u00f3 \u00e9telek, nagy-nagy vend\u00e9gszeretet. R\u00f6viden \u00edgy  jellemezhetn\u00e9m tapasztalataimat. K\u00fcl\u00f6n \u00f6r\u00f6m volt sz\u00e1momra, hogy a k\u00f6z\u00f6ss\u00e9g  e rendezv\u00e9ny keret\u00e9ben k\u00f6sz\u00f6nt\u00f6tte Sztrany\u00e1k J\u00f3zsi b\u00e1csit 83.  sz\u00fclet\u00e9snapj\u00e1n. Mint a magam k\u00f6sz\u00f6nt\u0151j\u00e9ben elmondtam, 28 \u00e9ve, kezd\u0151  rend\u0151rk\u00e9nt, J\u00f3zsi b\u00e1csi beosztottjak\u00e9nt kezdtem anno a si\u00f3foki rend\u0151rs\u00e9gen  p\u00e1lyafut\u00e1somat. B\u00fcszkes\u00e9ggel t\u00f6lt el, hogy ilyen kiv\u00e1l\u00f3 ember \u00e9s parancsnok  keze alatt is szolg\u00e1lhattam. Innen is tov\u00e1bbi j\u00f3 eg\u00e9szs\u00e9get k\u00edv\u00e1nok \u00f6reg  bar\u00e1tomnak. Szombaton a KIKK-ben az Id\u0151sek Vil\u00e1gnapj\u00e1t \u00fcnnepelt\u00fck.  Rendhagy\u00f3 m\u00f3don, id\u00e9n nem v\u00e1laszt\u00e1si aj\u00e1nd\u00e9kokkal, p\u00f6rk\u00f6lttel \u00e9s borral  k\u00f6sz\u00f6nt\u00f6tt\u00fck a 60 \u00e9v felettieket, hanem csokol\u00e1d\u00e9val, s\u00fctem\u00e9nnyel, n\u00e9vre  sz\u00f3l\u00f3 f\u00fcrd\u0151 bel\u00e9p\u0151kkel \u00e9s egy n\u00f3ta koncerttel. Volt n\u00e9h\u00e1ny sz\u00e1momra furcsa  megnyilatkoz\u00e1s ir\u00e1nyomba, ir\u00e1nyunkba, mint p\u00e9ld\u00e1ul, &#8220;hol a p\u00f6rk\u00f6lt\u00fcnk&#8221;,  vagy mi\u00e9rt nincs bor az id\u00e9n&#8221;, vagy &#8220;nem veszem \u00e1t a f\u00fcrd\u0151jegyet, mert  eddig az unok\u00e1m eltudta haszn\u00e1lni, nekem n\u00e9vre sz\u00f3l\u00f3an meg nem kell, \u00e9n nem  megyek el f\u00fcr\u00f6dni&#8221;, de a d\u00f6nt\u0151 t\u00f6bbs\u00e9g nagyok kedves, aranyos volt, j\u00f3  sz\u00edvvel fogadta aj\u00e1nd\u00e9kainkat, k\u00f6sz\u00f6nt\u0151met \u00e9s a m\u0171sort is. T\u00f6bb mint  n\u00e9gysz\u00e1zan regisztr\u00e1ltak \u00e9s j\u00f6ttek el, ez a l\u00e9nyeg. Szer\u00e9ny v\u00e9lem\u00e9nyem  szerint egy\u00e9bk\u00e9nt egy t\u00e1ny\u00e9r p\u00f6rk\u00f6ltn\u00e9l t\u00f6bbet \u00e9rhet \u00e9s jelenthet, egy  maradand\u00f3 koncert-\u00e9lm\u00e9ny. A C&#038;M Dance Studi\u00f3, illetve F\u00fcl\u00f6p Mil\u00e1n \u00e9s Kov\u00e1cs  Franciska j\u00f3volt\u00e1b\u00f3l, tegnap Si\u00f3fokon megrendez\u00e9sre ker\u00fclt az I. C&#038;M Kupa.  Inform\u00e1ci\u00f3im szerint kiv\u00e1l\u00f3 rendez\u00e9s, jobbn\u00e1l-jobb t\u00e1ncosok, n\u00edv\u00f3s verseny  zajlott. Elismer\u00e9s a r\u00e9sztvev\u0151knek, k\u00f6sz\u00f6net a szervez\u0151knek. Szint\u00e9n tegnap  lezajlott v\u00e1rosunkban is a n\u00e9pszavaz\u00e1s. A 44.67 %-os r\u00e9szv\u00e9teli ar\u00e1ny  kicsivel magasabb volt az orsz\u00e1gos \u00e1tlagn\u00e1l. Jegyz\u0151n\u0151 t\u00e1j\u00e9koztat\u00e1sa  szerint, rendk\u00edv\u00fcli esem\u00e9ny n\u00e9lk\u00fcl abszolv\u00e1ltuk a vas\u00e1rnapot. Bar\u00e1ts\u00e1ggal:  R.  http:\/\/www.sonline.hu\/somogy\/kozelet\/siofok-is-allamosit-kezbe-veszi-a-kozszolgaltatasokat-686380<\/p>\n","protected":false},"excerpt":{"rendered":"<p>Tisztelt Olvas\u00f3im! M\u00e9g p\u00e9ntek d\u00e9lut\u00e1n a kiliti rept\u00e9ren vettem r\u00e9szt a<br \/>\nNyugd\u00edjasok Si\u00f3foki Egyes\u00fclete eln\u00f6k\u00e9nek, J\u00e1nossy G\u00e1bor \u00far megh\u00edv\u00e1s\u00e1nak<br \/>\neleget t\u00e9ve az egyes\u00fclet rendezv\u00e9ny\u00e9n. Ennek keret\u00e9ben helyi nyugd\u00edjasaink<br \/>\nvend\u00e9g\u00fcl l\u00e1tt\u00e1k testv\u00e9r egyes\u00fclet\u00fck 70 f\u0151s deleg\u00e1ci\u00f3j\u00e1t is V\u00f6r\u00f6sber\u00e9nyb\u0151l.<br \/>\nKiv\u00e1l\u00f3 hangulat, kiv\u00e1l\u00f3 \u00e9telek, nagy-nagy vend\u00e9gszeretet. R\u00f6viden \u00edgy<br \/>\njellemezhetn\u00e9m tapasztalataimat&#8230;.<\/p>\n","protected":false},"author":1,"featured_media":0,"comment_status":"open","ping_status":"open","sticky":false,"template":"","format":"standard","meta":{"_acf_changed":false,"_et_pb_use_builder":"","_et_pb_old_content":"","_et_gb_content_width":"","footnotes":""},"categories":[1],"tags":[],"class_list":["post-3324","post","type-post","status-publish","format-standard","hentry","category-uncategorized"],"acf":[],"yoast_head":"<!-- This site is optimized with the Yoast SEO plugin v23.8 - https:\/\/yoast.com\/wordpress\/plugins\/seo\/ -->\n<title>2016.10.3-i Facebook bejegyz\u00e9s - dr. Lengyel R\u00f3bert<\/title>\n<meta name=\"robots\" content=\"index, follow, max-snippet:-1, max-image-preview:large, max-video-preview:-1\" \/>\n<link rel=\"canonical\" href=\"https:\/\/www.lengyelrobert.hu\/index.php\/2016\/10\/03\/2016-10-3-i-facebook-bejegyzes\/\" \/>\n<meta property=\"og:locale\" content=\"hu_HU\" \/>\n<meta property=\"og:type\" content=\"article\" \/>\n<meta property=\"og:title\" content=\"2016.10.3-i Facebook bejegyz\u00e9s - dr. Lengyel R\u00f3bert\" \/>\n<meta property=\"og:description\" content=\"Tisztelt Olvas\u00f3im! M\u00e9g p\u00e9ntek d\u00e9lut\u00e1n a kiliti rept\u00e9ren vettem r\u00e9szt a Nyugd\u00edjasok Si\u00f3foki Egyes\u00fclete eln\u00f6k\u00e9nek, J\u00e1nossy G\u00e1bor \u00far megh\u00edv\u00e1s\u00e1nak eleget t\u00e9ve az egyes\u00fclet rendezv\u00e9ny\u00e9n. Ennek keret\u00e9ben helyi nyugd\u00edjasaink vend\u00e9g\u00fcl l\u00e1tt\u00e1k testv\u00e9r egyes\u00fclet\u00fck 70 f\u0151s deleg\u00e1ci\u00f3j\u00e1t is V\u00f6r\u00f6sber\u00e9nyb\u0151l. Kiv\u00e1l\u00f3 hangulat, kiv\u00e1l\u00f3 \u00e9telek, nagy-nagy vend\u00e9gszeretet. R\u00f6viden \u00edgy jellemezhetn\u00e9m tapasztalataimat....\" \/>\n<meta property=\"og:url\" content=\"https:\/\/www.lengyelrobert.hu\/index.php\/2016\/10\/03\/2016-10-3-i-facebook-bejegyzes\/\" \/>\n<meta property=\"og:site_name\" content=\"dr. Lengyel R\u00f3bert\" \/>\n<meta property=\"article:published_time\" content=\"2016-10-03T08:20:13+00:00\" \/>\n<meta name=\"author\" content=\"webmaster\" \/>\n<meta name=\"twitter:card\" content=\"summary_large_image\" \/>\n<meta name=\"twitter:label1\" content=\"Szerz\u0151:\" \/>\n\t<meta name=\"twitter:data1\" content=\"webmaster\" \/>\n\t<meta name=\"twitter:label2\" content=\"Becs\u00fclt olvas\u00e1si id\u0151\" \/>\n\t<meta name=\"twitter:data2\" content=\"2 perc\" \/>\n<script type=\"application\/ld+json\" class=\"yoast-schema-graph\">{\"@context\":\"https:\/\/schema.org\",\"@graph\":[{\"@type\":\"WebPage\",\"@id\":\"https:\/\/www.lengyelrobert.hu\/index.php\/2016\/10\/03\/2016-10-3-i-facebook-bejegyzes\/\",\"url\":\"https:\/\/www.lengyelrobert.hu\/index.php\/2016\/10\/03\/2016-10-3-i-facebook-bejegyzes\/\",\"name\":\"2016.10.3-i Facebook bejegyz\u00e9s - dr. Lengyel R\u00f3bert\",\"isPartOf\":{\"@id\":\"https:\/\/www.lengyelrobert.hu\/#website\"},\"datePublished\":\"2016-10-03T08:20:13+00:00\",\"dateModified\":\"2016-10-03T08:20:13+00:00\",\"author\":{\"@id\":\"https:\/\/www.lengyelrobert.hu\/#\/schema\/person\/2926fe5141a59e6530d8a411eb7bfb2d\"},\"breadcrumb\":{\"@id\":\"https:\/\/www.lengyelrobert.hu\/index.php\/2016\/10\/03\/2016-10-3-i-facebook-bejegyzes\/#breadcrumb\"},\"inLanguage\":\"hu\",\"potentialAction\":[{\"@type\":\"ReadAction\",\"target\":[\"https:\/\/www.lengyelrobert.hu\/index.php\/2016\/10\/03\/2016-10-3-i-facebook-bejegyzes\/\"]}]},{\"@type\":\"BreadcrumbList\",\"@id\":\"https:\/\/www.lengyelrobert.hu\/index.php\/2016\/10\/03\/2016-10-3-i-facebook-bejegyzes\/#breadcrumb\",\"itemListElement\":[{\"@type\":\"ListItem\",\"position\":1,\"name\":\"Home\",\"item\":\"https:\/\/www.lengyelrobert.hu\/\"},{\"@type\":\"ListItem\",\"position\":2,\"name\":\"2016.10.3-i Facebook bejegyz\u00e9s\"}]},{\"@type\":\"WebSite\",\"@id\":\"https:\/\/www.lengyelrobert.hu\/#website\",\"url\":\"https:\/\/www.lengyelrobert.hu\/\",\"name\":\"dr. Lengyel R\u00f3bert\",\"description\":\"A Becs\u00fclettel Si\u00f3fok\u00e9rt Egyes\u00fclet honlapja\",\"potentialAction\":[{\"@type\":\"SearchAction\",\"target\":{\"@type\":\"EntryPoint\",\"urlTemplate\":\"https:\/\/www.lengyelrobert.hu\/?s={search_term_string}\"},\"query-input\":{\"@type\":\"PropertyValueSpecification\",\"valueRequired\":true,\"valueName\":\"search_term_string\"}}],\"inLanguage\":\"hu\"},{\"@type\":\"Person\",\"@id\":\"https:\/\/www.lengyelrobert.hu\/#\/schema\/person\/2926fe5141a59e6530d8a411eb7bfb2d\",\"name\":\"webmaster\",\"image\":{\"@type\":\"ImageObject\",\"inLanguage\":\"hu\",\"@id\":\"https:\/\/www.lengyelrobert.hu\/#\/schema\/person\/image\/\",\"url\":\"https:\/\/secure.gravatar.com\/avatar\/d53f7fc01f188bb097ecc2caf950c777c2cdc1ec48a2d1726a8399a2188940b0?s=96&d=mm&r=g\",\"contentUrl\":\"https:\/\/secure.gravatar.com\/avatar\/d53f7fc01f188bb097ecc2caf950c777c2cdc1ec48a2d1726a8399a2188940b0?s=96&d=mm&r=g\",\"caption\":\"webmaster\"},\"sameAs\":[\"https:\/\/www.lengyelrobert.hu\"],\"url\":\"https:\/\/www.lengyelrobert.hu\/index.php\/author\/webmaster\/\"}]}<\/script>\n<!-- \/ Yoast SEO plugin. -->","yoast_head_json":{"title":"2016.10.3-i Facebook bejegyz\u00e9s - dr. Lengyel R\u00f3bert","robots":{"index":"index","follow":"follow","max-snippet":"max-snippet:-1","max-image-preview":"max-image-preview:large","max-video-preview":"max-video-preview:-1"},"canonical":"https:\/\/www.lengyelrobert.hu\/index.php\/2016\/10\/03\/2016-10-3-i-facebook-bejegyzes\/","og_locale":"hu_HU","og_type":"article","og_title":"2016.10.3-i Facebook bejegyz\u00e9s - dr. Lengyel R\u00f3bert","og_description":"Tisztelt Olvas\u00f3im! M\u00e9g p\u00e9ntek d\u00e9lut\u00e1n a kiliti rept\u00e9ren vettem r\u00e9szt a Nyugd\u00edjasok Si\u00f3foki Egyes\u00fclete eln\u00f6k\u00e9nek, J\u00e1nossy G\u00e1bor \u00far megh\u00edv\u00e1s\u00e1nak eleget t\u00e9ve az egyes\u00fclet rendezv\u00e9ny\u00e9n. Ennek keret\u00e9ben helyi nyugd\u00edjasaink vend\u00e9g\u00fcl l\u00e1tt\u00e1k testv\u00e9r egyes\u00fclet\u00fck 70 f\u0151s deleg\u00e1ci\u00f3j\u00e1t is V\u00f6r\u00f6sber\u00e9nyb\u0151l. Kiv\u00e1l\u00f3 hangulat, kiv\u00e1l\u00f3 \u00e9telek, nagy-nagy vend\u00e9gszeretet. R\u00f6viden \u00edgy jellemezhetn\u00e9m tapasztalataimat....","og_url":"https:\/\/www.lengyelrobert.hu\/index.php\/2016\/10\/03\/2016-10-3-i-facebook-bejegyzes\/","og_site_name":"dr. Lengyel R\u00f3bert","article_published_time":"2016-10-03T08:20:13+00:00","author":"webmaster","twitter_card":"summary_large_image","twitter_misc":{"Szerz\u0151:":"webmaster","Becs\u00fclt olvas\u00e1si id\u0151":"2 perc"},"schema":{"@context":"https:\/\/schema.org","@graph":[{"@type":"WebPage","@id":"https:\/\/www.lengyelrobert.hu\/index.php\/2016\/10\/03\/2016-10-3-i-facebook-bejegyzes\/","url":"https:\/\/www.lengyelrobert.hu\/index.php\/2016\/10\/03\/2016-10-3-i-facebook-bejegyzes\/","name":"2016.10.3-i Facebook bejegyz\u00e9s - dr. Lengyel R\u00f3bert","isPartOf":{"@id":"https:\/\/www.lengyelrobert.hu\/#website"},"datePublished":"2016-10-03T08:20:13+00:00","dateModified":"2016-10-03T08:20:13+00:00","author":{"@id":"https:\/\/www.lengyelrobert.hu\/#\/schema\/person\/2926fe5141a59e6530d8a411eb7bfb2d"},"breadcrumb":{"@id":"https:\/\/www.lengyelrobert.hu\/index.php\/2016\/10\/03\/2016-10-3-i-facebook-bejegyzes\/#breadcrumb"},"inLanguage":"hu","potentialAction":[{"@type":"ReadAction","target":["https:\/\/www.lengyelrobert.hu\/index.php\/2016\/10\/03\/2016-10-3-i-facebook-bejegyzes\/"]}]},{"@type":"BreadcrumbList","@id":"https:\/\/www.lengyelrobert.hu\/index.php\/2016\/10\/03\/2016-10-3-i-facebook-bejegyzes\/#breadcrumb","itemListElement":[{"@type":"ListItem","position":1,"name":"Home","item":"https:\/\/www.lengyelrobert.hu\/"},{"@type":"ListItem","position":2,"name":"2016.10.3-i Facebook bejegyz\u00e9s"}]},{"@type":"WebSite","@id":"https:\/\/www.lengyelrobert.hu\/#website","url":"https:\/\/www.lengyelrobert.hu\/","name":"dr. Lengyel R\u00f3bert","description":"A Becs\u00fclettel Si\u00f3fok\u00e9rt Egyes\u00fclet honlapja","potentialAction":[{"@type":"SearchAction","target":{"@type":"EntryPoint","urlTemplate":"https:\/\/www.lengyelrobert.hu\/?s={search_term_string}"},"query-input":{"@type":"PropertyValueSpecification","valueRequired":true,"valueName":"search_term_string"}}],"inLanguage":"hu"},{"@type":"Person","@id":"https:\/\/www.lengyelrobert.hu\/#\/schema\/person\/2926fe5141a59e6530d8a411eb7bfb2d","name":"webmaster","image":{"@type":"ImageObject","inLanguage":"hu","@id":"https:\/\/www.lengyelrobert.hu\/#\/schema\/person\/image\/","url":"https:\/\/secure.gravatar.com\/avatar\/d53f7fc01f188bb097ecc2caf950c777c2cdc1ec48a2d1726a8399a2188940b0?s=96&d=mm&r=g","contentUrl":"https:\/\/secure.gravatar.com\/avatar\/d53f7fc01f188bb097ecc2caf950c777c2cdc1ec48a2d1726a8399a2188940b0?s=96&d=mm&r=g","caption":"webmaster"},"sameAs":["https:\/\/www.lengyelrobert.hu"],"url":"https:\/\/www.lengyelrobert.hu\/index.php\/author\/webmaster\/"}]}},"_links":{"self":[{"href":"https:\/\/www.lengyelrobert.hu\/index.php\/wp-json\/wp\/v2\/posts\/3324","targetHints":{"allow":["GET"]}}],"collection":[{"href":"https:\/\/www.lengyelrobert.hu\/index.php\/wp-json\/wp\/v2\/posts"}],"about":[{"href":"https:\/\/www.lengyelrobert.hu\/index.php\/wp-json\/wp\/v2\/types\/post"}],"author":[{"embeddable":true,"href":"https:\/\/www.lengyelrobert.hu\/index.php\/wp-json\/wp\/v2\/users\/1"}],"replies":[{"embeddable":true,"href":"https:\/\/www.lengyelrobert.hu\/index.php\/wp-json\/wp\/v2\/comments?post=3324"}],"version-history":[{"count":0,"href":"https:\/\/www.lengyelrobert.hu\/index.php\/wp-json\/wp\/v2\/posts\/3324\/revisions"}],"wp:attachment":[{"href":"https:\/\/www.lengyelrobert.hu\/index.php\/wp-json\/wp\/v2\/media?parent=3324"}],"wp:term":[{"taxonomy":"category","embeddable":true,"href":"https:\/\/www.lengyelrobert.hu\/index.php\/wp-json\/wp\/v2\/categories?post=3324"},{"taxonomy":"post_tag","embeddable":true,"href":"https:\/\/www.lengyelrobert.hu\/index.php\/wp-json\/wp\/v2\/tags?post=3324"}],"curies":[{"name":"wp","href":"https:\/\/api.w.org\/{rel}","templated":true}]}}