{"id":3288,"date":"2016-11-24T15:44:31","date_gmt":"2016-11-24T15:44:31","guid":{"rendered":"https:\/\/www.lengyelrobert.hu\/2016\/11\/24\/2016-11-24\/"},"modified":"2016-11-24T15:44:31","modified_gmt":"2016-11-24T15:44:31","slug":"2016-11-24-i-facebook-bejegyzes","status":"publish","type":"post","link":"https:\/\/www.lengyelrobert.hu\/index.php\/2016\/11\/24\/2016-11-24-i-facebook-bejegyzes\/","title":{"rendered":"2016.11.24-i Facebook bejegyz\u00e9s"},"content":{"rendered":"<p>Tisztelt Olvas\u00f3im! A test\u00fclet novemberi rendes \u00fcl\u00e9se lezajlott. Alapvet\u0151en  k\u00e9t olyan k\u00e9rd\u00e9sk\u00f6r volt, amellyel \u00f6sszef\u00fcgg\u00e9sben vita, vagy egyet nem  \u00e9rt\u00e9s alakult ki. El\u0151sz\u00f6r is a polg\u00e1rmester \u00e9v v\u00e9gi jutalmaz\u00e1s\u00e1nak  megt\u00e1rgyal\u00e1sa. A test\u00fcleti el\u0151tti tan\u00e1csnoki \u00fcl\u00e9sen, a jelen l\u00e9v\u0151  bizotts\u00e1gi eln\u00f6k\u00f6k \u00e9s alpolg\u00e1rmester \u00far, nem szavazt\u00e1k meg azt, hogy a  V\u00f6lgyi \u00far \u00e1ltal javasolt (\u00e9s a kor\u00e1bbi ciklusokban, valamint m\u00e9g 2015-ben  is, tal\u00e1n egyetlen esztend\u0151t kiv\u00e9ve megszavazott), t\u00f6rv\u00e9ny \u00e1ltal adhat\u00f3,  maxim\u00e1lis \u00f6sszeg\u0171 kar\u00e1csonyi jutalmat fogadja el a test\u00fclet. A tan\u00e1csnoki  \u00fcl\u00e9s t\u00f6bbs\u00e9gi javaslata az lett, hogy vegy\u00fck le napirendr\u0151l, egy\u00e1ltal\u00e1n ne  is t\u00e1rgyaljunk err\u0151l. Akkor elhangzott V\u00f6lgyi \u00far \u00fajabb javaslata, hogy  legal\u00e1bb az adhat\u00f3 fel\u00e9t t\u00e1mogass\u00e1k. Nem. V\u00f6lgyi \u00far felh\u00edvta a figyelmet,  hogy ez p\u00e9lda n\u00e9lk\u00fcli, kor\u00e1bban a polg\u00e1rmester jutalmaz\u00e1sa Si\u00f3fokon minden  esztend\u0151ben megt\u00f6rt\u00e9nt. Jegyz\u0151 asszony is elmondta, hogy nagy plusz  munkaterheket viseltem id\u00e9n is (pl. hullad\u00e9k \u00fcgyek t\u00f6mkelege, amelyek  egy\u00e9bk\u00e9nt nem k\u00e9pezik a polg\u00e1rmesteri munkak\u00f6r r\u00e9sz\u00e9t \u00e9s tiszteletd\u00edj  n\u00e9lk\u00fcli, plusz feladatokat jelentenek \u00e9s amely a tavalyi jutalom indok\u00e1ul  is szolg\u00e1lt). V\u00e9g\u00fcl is test\u00fclet el\u00e9 vitt\u00fck a v\u00e9gs\u0151 d\u00f6nt\u00e9st. Szajcz \u00far sz\u00f3t  k\u00e9rt \u00e9s javasolta ott is a napirendr\u0151l val\u00f3 lev\u00e9telt. A szavaz\u00e1s sor\u00e1n a 7  fideszes k\u00e9pvisel\u0151 ezt szavazta meg, a Jobbik \u00e9s a baloldal k\u00e9pvisel\u0151je a  megt\u00e1rgyal\u00e1st t\u00e1mogatta, m\u00edg j\u00f3magam, az alpolg\u00e1rmester \u00e9s Nagyn\u00e9 k\u00e9pvisel\u0151  asszony tart\u00f3zkodtunk. Orb\u00e1nn\u00e9 k\u00e9pvisel\u0151 asszony felk\u00e9rte Szajcz urat, hogy  indokolja is a frakci\u00f3ja k\u00f6z\u00f6s \u00e1ll\u00e1spontj\u00e1t, mivel \u0151 nem volt jelen a  tan\u00e1csnokin, de Szajcz \u00far erre nem volt hajland\u00f3. (Gondolom, majd k\u00e9sz\u00fcl a  szok\u00e1sos fideszes sajt\u00f3k\u00f6zlem\u00e9ny,hogy m\u00e1shol, hogy van, meg mi a helyzet  m\u00e1s fideszes polg\u00e1rmesterekkel, stb, stb. Meg j\u00f6n a Fodor \u00far \u00e1ltal  tulajdonolt PART FM r\u00e1di\u00f3s komment\u00e1l\u00e1s is, amelyben majd m\u00e9gis csak kapnak  a helyiek indokl\u00e1st a szem\u00e9lyemet, munk\u00e1mat illet\u0151en.Tal\u00e1n nem is oly nagy  v\u00e9letlen, hogy a napokban Kolumb\u00e1n T\u00fcnde , a fenti r\u00e1di\u00f3 f\u0151szerkeszt\u0151je,  Bal\u00e1zs \u00c1rp\u00e1d \u00far kor\u00e1bbi sajt\u00f3sa, egyebek mellett m\u00e1r ezzel a t\u00e1rgyk\u00f6rrel  \u00f6sszef\u00fcgg\u00e9sben is adatokat k\u00e9rt hivatalunkt\u00f3l.Megszoktam \u00e9s meg szoktam  mosolyogni is ezeket a gyermeteg reakci\u00f3kat.) Megjegyzem, az\u00e9rt egy korrekt  magyar\u00e1zatot a magam \u00e9s a si\u00f3fokiak sz\u00e1m\u00e1ra elv\u00e1rtam volna nyilv\u00e1nosan.  Mert \u00e9n nem a Fidesz frakci\u00f3j\u00e1nak a polg\u00e1rmestere vagyok, hanem az itt  \u00e9l\u0151k\u00e9 \u00e9s \u00c9N, mondom \u00c9N!, nem p\u00e1rt\u00e9rdekeket k\u00e9pviselek, hanem az itt \u00e9l\u0151k\u00e9t.  Tudom\u00e1sul v\u00e9ve azt is, hogy a munk\u00e1\u00e9rt nem jutalom, hanem fizet\u00e9s j\u00e1r.  Tudom\u00e1sul v\u00e9ve a helyi Fidesz d\u00f6nt\u00e9s\u00e9nek \u00fczenet\u00e9t is: az \u00e9n munk\u00e1m  t\u00f6red\u00e9k\u00e9t sem \u00e9ri annak, mint amit el\u0151d\u00f6m v\u00e9gzett, el\u00e9gedetlenek velem. De  tudj\u00e1k mit? Ezt most is \u00e9s k\u00e9s\u0151bb is \u00edt\u00e9lj\u00e9k meg a si\u00f3foki emberek, amikor  annak elj\u00f6n az ideje. Persze, majd \u00edt\u00e9lj\u00e9k meg az \u0151 munk\u00e1jukat is. Mert el  fog j\u00f6nni az igazs\u00e1g pillanata. Hozz\u00e1m m\u00e9ltatlan ez az eg\u00e9sz helyzet, amit  teremtettek. Azok mondanak \u00e9rt\u00e9k\u00edt\u00e9letet az \u00e9n el-, vagy el nem  ismer\u00e9semr\u0151l, akiknek az els\u0151 dolguk egyike volt maguknak felemeltetni a  k\u00e9pvisel\u0151i tiszteletd\u00edjukat? Akik egym\u00e1st deleg\u00e1lgatj\u00e1k tiszteletd\u00edjas  poz\u00edci\u00f3kba? N\u00e9zzenek m\u00e1r magukba is egy kicsit! Semmi gond, \u00e9n megyek  tov\u00e1bb, dolgozok a v\u00e1ros\u00e9rt, mert erre esk\u00fcdtem \u00e9s erre tettem \u00edg\u00e9retet  \u00d6n\u00f6knek, Nektek, Si\u00f3foknak. A m\u00e1sik sarkalatos t\u00e9mak\u00f6r a Fodor \u00far f\u00e9le  aj\u00e1nlat \u00e9s egy\u00e1ltal\u00e1n, a v\u00e1ros \u00e9s Fodor \u00far k\u00f6z\u00f6tti gazdas\u00e1gi \u00e9s egy\u00e9b  kapcsolatok \u00fcgye volt. Lapos \u00far vetette fel e k\u00e9rd\u00e9st azzal, hogy \u00e9n  sz\u00edveskedjek m\u00e1r t\u00e1rgyal\u00f3 asztalhoz \u00fclni Fodor J\u00e1nossal. Szamosi \u00far nem  tartotta szerencs\u00e9snek, hogy ebben a st\u00e1diumban \u00e9n m\u00e1r a si\u00f3fokiakat  t\u00e1j\u00e9koztattam Fodor \u00far ig\u00e9nyeivel kapcsolatosan. Ezen k\u00edv\u00fcl felh\u00edvta a  figyelm\u00fcnket, hogy Bogl\u00e1ron milyen remek k\u00e9zilabda \u00e9let folyik, milyen j\u00f3  infrastruktur\u00e1lis h\u00e1tt\u00e9rrel \u00e9s, hogy ott az &#8220;\u00e9rt\u00e9kteremt\u0151t&#8221; a tenyer\u00fck\u00f6n  hordj\u00e1k. V\u00e1laszomban kifejtettem, hogy szerintem meg az itt \u00e9l\u0151knek igen is  k\u00f6z\u00fck van ahhoz, hogy milyen aj\u00e1nlat van, ami sz\u00e1zmilli\u00f3kkal \u00e9rintheti  v\u00e1rosunk k\u00f6z\u00f6s kassz\u00e1j\u00e1t, illetve elmondtam azt is, hogy \u00e9n nem fogom a  tenyeremre venni Fodor urat, ha \u00fagy gondolja, tegye ezt meg Szamosi  k\u00e9pvisel\u0151 t\u00e1rsam. Csorba \u00far is kifejtette, hogy nem szerencs\u00e9s a k\u00f6z\u00f6ss\u00e9gi  oldalamon ilyen st\u00e1diumban t\u00e1j\u00e9koztatni az embereket, mert \u00fczleti \u00e9rdekeket  s\u00e9rthetek. Erre megjegyeztem, hogy a szeptemberi \u00fcl\u00e9s\u00fcnk\u00f6n Fodor \u00far  szem\u00e9lyesen sz\u00e1molt be elk\u00e9pzel\u00e9sei java r\u00e9sz\u00e9r\u0151l, ett\u0151l kezdve nem is  \u00e9rtem az agg\u00e1lyokat. Az \u00e1ll\u00e1spontom itt is hat\u00e1rozott. \u0150k csak sepregess\u00e9k  Fodor \u00far el\u0151tt az utat, \u00e9n igyekszem saj\u00e1t meggy\u0151z\u0151d\u00e9sem szerint \u00e9s  kiz\u00e1r\u00f3lag a v\u00e1ros \u00e9rdekeit szem el\u0151tt tartva kialak\u00edtani a majdani  \u00e1ll\u00e1spontomat. Persze \u00e9n maradok tov\u00e1bbra is a nyilv\u00e1noss\u00e1g elv\u00e9n\u00e9l \u00e9s igen  is befogom vonni az embereket ilyen jelleg\u0171 dolgokba, legal\u00e1bb a  t\u00e1j\u00e9koztat\u00e1s szintj\u00e9n. Volt \u00e9pp el\u00e9g tapasztalatuk arr\u00f3l a si\u00f3fokiaknak,  milyen is az, amikor a nyilv\u00e1noss\u00e1g ut\u00f3lag \u00e9rtes\u00fcl egy\u00e9bk\u00e9nt k\u00f6z\u00e9rdek\u0171  inform\u00e1ci\u00f3kr\u00f3l. Ebben az esetben meg v\u00e9gk\u00e9pp nem babra megy a j\u00e1t\u00e9k, hanem  milli\u00e1rdokr\u00f3l besz\u00e9l\u00fcnk. Minden l\u00e9p\u00e9st meg kell fontolni \u00e9s \u00e9sz\u00e9rvekkel  kell a d\u00f6nt\u00e9seket megalapozni, m\u00e1r csak az\u00e9rt is, mert m\u00e9g a gyerekeinkre  is hat\u00e1ssal lehetnek ilyen hossz\u00fa t\u00e1v\u00fa elk\u00f6telez\u0151d\u00e9sek. Ha ett\u0151l  k\u00f6zellens\u00e9g vagyok, akkor legyek az. Ez m\u00e9g akkor sem fog v\u00e1ltozni, ha a  helyi &#8216;p\u00e1rtatlan&#8217; m\u00e9di\u00e1kat, vagy ak\u00e1r mag\u00e1t Terry Black-et is k\u00fcldik r\u00e1m.  Mert Si\u00f3fok mindenek felett \u00e9s mindenek el\u0151tt! Bar\u00e1ts\u00e1ggal:R.<\/p>\n","protected":false},"excerpt":{"rendered":"<p>Tisztelt Olvas\u00f3im! A test\u00fclet novemberi rendes \u00fcl\u00e9se lezajlott. Alapvet\u0151en<br \/>\nk\u00e9t olyan k\u00e9rd\u00e9sk\u00f6r volt, amellyel \u00f6sszef\u00fcgg\u00e9sben vita, vagy egyet nem<br \/>\n\u00e9rt\u00e9s alakult ki. El\u0151sz\u00f6r is a polg\u00e1rmester \u00e9v v\u00e9gi jutalmaz\u00e1s\u00e1nak<br \/>\nmegt\u00e1rgyal\u00e1sa. A test\u00fcleti el\u0151tti tan\u00e1csnoki \u00fcl\u00e9sen, a jelen l\u00e9v\u0151<br \/>\nbizotts\u00e1gi eln\u00f6k\u00f6k \u00e9s alpolg\u00e1rmester \u00far, nem szavazt\u00e1k meg azt, hogy a<br \/>\nV\u00f6lgyi \u00far \u00e1ltal javasolt (\u00e9s a kor\u00e1bbi ciklus&#8230;<\/p>\n","protected":false},"author":1,"featured_media":0,"comment_status":"open","ping_status":"open","sticky":false,"template":"","format":"standard","meta":{"_acf_changed":false,"_et_pb_use_builder":"","_et_pb_old_content":"","_et_gb_content_width":"","footnotes":""},"categories":[1],"tags":[],"class_list":["post-3288","post","type-post","status-publish","format-standard","hentry","category-uncategorized"],"acf":[],"yoast_head":"<!-- This site is optimized with the Yoast SEO plugin v23.8 - https:\/\/yoast.com\/wordpress\/plugins\/seo\/ -->\n<title>2016.11.24-i Facebook bejegyz\u00e9s - dr. Lengyel R\u00f3bert<\/title>\n<meta name=\"robots\" content=\"index, follow, max-snippet:-1, max-image-preview:large, max-video-preview:-1\" \/>\n<link rel=\"canonical\" href=\"https:\/\/www.lengyelrobert.hu\/index.php\/2016\/11\/24\/2016-11-24-i-facebook-bejegyzes\/\" \/>\n<meta property=\"og:locale\" content=\"hu_HU\" \/>\n<meta property=\"og:type\" content=\"article\" \/>\n<meta property=\"og:title\" content=\"2016.11.24-i Facebook bejegyz\u00e9s - dr. Lengyel R\u00f3bert\" \/>\n<meta property=\"og:description\" content=\"Tisztelt Olvas\u00f3im! A test\u00fclet novemberi rendes \u00fcl\u00e9se lezajlott. Alapvet\u0151en k\u00e9t olyan k\u00e9rd\u00e9sk\u00f6r volt, amellyel \u00f6sszef\u00fcgg\u00e9sben vita, vagy egyet nem \u00e9rt\u00e9s alakult ki. El\u0151sz\u00f6r is a polg\u00e1rmester \u00e9v v\u00e9gi jutalmaz\u00e1s\u00e1nak megt\u00e1rgyal\u00e1sa. A test\u00fcleti el\u0151tti tan\u00e1csnoki \u00fcl\u00e9sen, a jelen l\u00e9v\u0151 bizotts\u00e1gi eln\u00f6k\u00f6k \u00e9s alpolg\u00e1rmester \u00far, nem szavazt\u00e1k meg azt, hogy a V\u00f6lgyi \u00far \u00e1ltal javasolt (\u00e9s a kor\u00e1bbi ciklus...\" \/>\n<meta property=\"og:url\" content=\"https:\/\/www.lengyelrobert.hu\/index.php\/2016\/11\/24\/2016-11-24-i-facebook-bejegyzes\/\" \/>\n<meta property=\"og:site_name\" content=\"dr. Lengyel R\u00f3bert\" \/>\n<meta property=\"article:published_time\" content=\"2016-11-24T15:44:31+00:00\" \/>\n<meta name=\"author\" content=\"webmaster\" \/>\n<meta name=\"twitter:card\" content=\"summary_large_image\" \/>\n<meta name=\"twitter:label1\" content=\"Szerz\u0151:\" \/>\n\t<meta name=\"twitter:data1\" content=\"webmaster\" \/>\n\t<meta name=\"twitter:label2\" content=\"Becs\u00fclt olvas\u00e1si id\u0151\" \/>\n\t<meta name=\"twitter:data2\" content=\"6 perc\" \/>\n<script type=\"application\/ld+json\" class=\"yoast-schema-graph\">{\"@context\":\"https:\/\/schema.org\",\"@graph\":[{\"@type\":\"WebPage\",\"@id\":\"https:\/\/www.lengyelrobert.hu\/index.php\/2016\/11\/24\/2016-11-24-i-facebook-bejegyzes\/\",\"url\":\"https:\/\/www.lengyelrobert.hu\/index.php\/2016\/11\/24\/2016-11-24-i-facebook-bejegyzes\/\",\"name\":\"2016.11.24-i Facebook bejegyz\u00e9s - dr. Lengyel R\u00f3bert\",\"isPartOf\":{\"@id\":\"https:\/\/www.lengyelrobert.hu\/#website\"},\"datePublished\":\"2016-11-24T15:44:31+00:00\",\"dateModified\":\"2016-11-24T15:44:31+00:00\",\"author\":{\"@id\":\"https:\/\/www.lengyelrobert.hu\/#\/schema\/person\/2926fe5141a59e6530d8a411eb7bfb2d\"},\"breadcrumb\":{\"@id\":\"https:\/\/www.lengyelrobert.hu\/index.php\/2016\/11\/24\/2016-11-24-i-facebook-bejegyzes\/#breadcrumb\"},\"inLanguage\":\"hu\",\"potentialAction\":[{\"@type\":\"ReadAction\",\"target\":[\"https:\/\/www.lengyelrobert.hu\/index.php\/2016\/11\/24\/2016-11-24-i-facebook-bejegyzes\/\"]}]},{\"@type\":\"BreadcrumbList\",\"@id\":\"https:\/\/www.lengyelrobert.hu\/index.php\/2016\/11\/24\/2016-11-24-i-facebook-bejegyzes\/#breadcrumb\",\"itemListElement\":[{\"@type\":\"ListItem\",\"position\":1,\"name\":\"Home\",\"item\":\"https:\/\/www.lengyelrobert.hu\/\"},{\"@type\":\"ListItem\",\"position\":2,\"name\":\"2016.11.24-i Facebook bejegyz\u00e9s\"}]},{\"@type\":\"WebSite\",\"@id\":\"https:\/\/www.lengyelrobert.hu\/#website\",\"url\":\"https:\/\/www.lengyelrobert.hu\/\",\"name\":\"dr. Lengyel R\u00f3bert\",\"description\":\"A Becs\u00fclettel Si\u00f3fok\u00e9rt Egyes\u00fclet honlapja\",\"potentialAction\":[{\"@type\":\"SearchAction\",\"target\":{\"@type\":\"EntryPoint\",\"urlTemplate\":\"https:\/\/www.lengyelrobert.hu\/?s={search_term_string}\"},\"query-input\":{\"@type\":\"PropertyValueSpecification\",\"valueRequired\":true,\"valueName\":\"search_term_string\"}}],\"inLanguage\":\"hu\"},{\"@type\":\"Person\",\"@id\":\"https:\/\/www.lengyelrobert.hu\/#\/schema\/person\/2926fe5141a59e6530d8a411eb7bfb2d\",\"name\":\"webmaster\",\"image\":{\"@type\":\"ImageObject\",\"inLanguage\":\"hu\",\"@id\":\"https:\/\/www.lengyelrobert.hu\/#\/schema\/person\/image\/\",\"url\":\"https:\/\/secure.gravatar.com\/avatar\/d53f7fc01f188bb097ecc2caf950c777c2cdc1ec48a2d1726a8399a2188940b0?s=96&d=mm&r=g\",\"contentUrl\":\"https:\/\/secure.gravatar.com\/avatar\/d53f7fc01f188bb097ecc2caf950c777c2cdc1ec48a2d1726a8399a2188940b0?s=96&d=mm&r=g\",\"caption\":\"webmaster\"},\"sameAs\":[\"https:\/\/www.lengyelrobert.hu\"],\"url\":\"https:\/\/www.lengyelrobert.hu\/index.php\/author\/webmaster\/\"}]}<\/script>\n<!-- \/ Yoast SEO plugin. -->","yoast_head_json":{"title":"2016.11.24-i Facebook bejegyz\u00e9s - dr. Lengyel R\u00f3bert","robots":{"index":"index","follow":"follow","max-snippet":"max-snippet:-1","max-image-preview":"max-image-preview:large","max-video-preview":"max-video-preview:-1"},"canonical":"https:\/\/www.lengyelrobert.hu\/index.php\/2016\/11\/24\/2016-11-24-i-facebook-bejegyzes\/","og_locale":"hu_HU","og_type":"article","og_title":"2016.11.24-i Facebook bejegyz\u00e9s - dr. Lengyel R\u00f3bert","og_description":"Tisztelt Olvas\u00f3im! A test\u00fclet novemberi rendes \u00fcl\u00e9se lezajlott. Alapvet\u0151en k\u00e9t olyan k\u00e9rd\u00e9sk\u00f6r volt, amellyel \u00f6sszef\u00fcgg\u00e9sben vita, vagy egyet nem \u00e9rt\u00e9s alakult ki. El\u0151sz\u00f6r is a polg\u00e1rmester \u00e9v v\u00e9gi jutalmaz\u00e1s\u00e1nak megt\u00e1rgyal\u00e1sa. A test\u00fcleti el\u0151tti tan\u00e1csnoki \u00fcl\u00e9sen, a jelen l\u00e9v\u0151 bizotts\u00e1gi eln\u00f6k\u00f6k \u00e9s alpolg\u00e1rmester \u00far, nem szavazt\u00e1k meg azt, hogy a V\u00f6lgyi \u00far \u00e1ltal javasolt (\u00e9s a kor\u00e1bbi ciklus...","og_url":"https:\/\/www.lengyelrobert.hu\/index.php\/2016\/11\/24\/2016-11-24-i-facebook-bejegyzes\/","og_site_name":"dr. Lengyel R\u00f3bert","article_published_time":"2016-11-24T15:44:31+00:00","author":"webmaster","twitter_card":"summary_large_image","twitter_misc":{"Szerz\u0151:":"webmaster","Becs\u00fclt olvas\u00e1si id\u0151":"6 perc"},"schema":{"@context":"https:\/\/schema.org","@graph":[{"@type":"WebPage","@id":"https:\/\/www.lengyelrobert.hu\/index.php\/2016\/11\/24\/2016-11-24-i-facebook-bejegyzes\/","url":"https:\/\/www.lengyelrobert.hu\/index.php\/2016\/11\/24\/2016-11-24-i-facebook-bejegyzes\/","name":"2016.11.24-i Facebook bejegyz\u00e9s - dr. Lengyel R\u00f3bert","isPartOf":{"@id":"https:\/\/www.lengyelrobert.hu\/#website"},"datePublished":"2016-11-24T15:44:31+00:00","dateModified":"2016-11-24T15:44:31+00:00","author":{"@id":"https:\/\/www.lengyelrobert.hu\/#\/schema\/person\/2926fe5141a59e6530d8a411eb7bfb2d"},"breadcrumb":{"@id":"https:\/\/www.lengyelrobert.hu\/index.php\/2016\/11\/24\/2016-11-24-i-facebook-bejegyzes\/#breadcrumb"},"inLanguage":"hu","potentialAction":[{"@type":"ReadAction","target":["https:\/\/www.lengyelrobert.hu\/index.php\/2016\/11\/24\/2016-11-24-i-facebook-bejegyzes\/"]}]},{"@type":"BreadcrumbList","@id":"https:\/\/www.lengyelrobert.hu\/index.php\/2016\/11\/24\/2016-11-24-i-facebook-bejegyzes\/#breadcrumb","itemListElement":[{"@type":"ListItem","position":1,"name":"Home","item":"https:\/\/www.lengyelrobert.hu\/"},{"@type":"ListItem","position":2,"name":"2016.11.24-i Facebook bejegyz\u00e9s"}]},{"@type":"WebSite","@id":"https:\/\/www.lengyelrobert.hu\/#website","url":"https:\/\/www.lengyelrobert.hu\/","name":"dr. Lengyel R\u00f3bert","description":"A Becs\u00fclettel Si\u00f3fok\u00e9rt Egyes\u00fclet honlapja","potentialAction":[{"@type":"SearchAction","target":{"@type":"EntryPoint","urlTemplate":"https:\/\/www.lengyelrobert.hu\/?s={search_term_string}"},"query-input":{"@type":"PropertyValueSpecification","valueRequired":true,"valueName":"search_term_string"}}],"inLanguage":"hu"},{"@type":"Person","@id":"https:\/\/www.lengyelrobert.hu\/#\/schema\/person\/2926fe5141a59e6530d8a411eb7bfb2d","name":"webmaster","image":{"@type":"ImageObject","inLanguage":"hu","@id":"https:\/\/www.lengyelrobert.hu\/#\/schema\/person\/image\/","url":"https:\/\/secure.gravatar.com\/avatar\/d53f7fc01f188bb097ecc2caf950c777c2cdc1ec48a2d1726a8399a2188940b0?s=96&d=mm&r=g","contentUrl":"https:\/\/secure.gravatar.com\/avatar\/d53f7fc01f188bb097ecc2caf950c777c2cdc1ec48a2d1726a8399a2188940b0?s=96&d=mm&r=g","caption":"webmaster"},"sameAs":["https:\/\/www.lengyelrobert.hu"],"url":"https:\/\/www.lengyelrobert.hu\/index.php\/author\/webmaster\/"}]}},"_links":{"self":[{"href":"https:\/\/www.lengyelrobert.hu\/index.php\/wp-json\/wp\/v2\/posts\/3288","targetHints":{"allow":["GET"]}}],"collection":[{"href":"https:\/\/www.lengyelrobert.hu\/index.php\/wp-json\/wp\/v2\/posts"}],"about":[{"href":"https:\/\/www.lengyelrobert.hu\/index.php\/wp-json\/wp\/v2\/types\/post"}],"author":[{"embeddable":true,"href":"https:\/\/www.lengyelrobert.hu\/index.php\/wp-json\/wp\/v2\/users\/1"}],"replies":[{"embeddable":true,"href":"https:\/\/www.lengyelrobert.hu\/index.php\/wp-json\/wp\/v2\/comments?post=3288"}],"version-history":[{"count":0,"href":"https:\/\/www.lengyelrobert.hu\/index.php\/wp-json\/wp\/v2\/posts\/3288\/revisions"}],"wp:attachment":[{"href":"https:\/\/www.lengyelrobert.hu\/index.php\/wp-json\/wp\/v2\/media?parent=3288"}],"wp:term":[{"taxonomy":"category","embeddable":true,"href":"https:\/\/www.lengyelrobert.hu\/index.php\/wp-json\/wp\/v2\/categories?post=3288"},{"taxonomy":"post_tag","embeddable":true,"href":"https:\/\/www.lengyelrobert.hu\/index.php\/wp-json\/wp\/v2\/tags?post=3288"}],"curies":[{"name":"wp","href":"https:\/\/api.w.org\/{rel}","templated":true}]}}