{"id":3118,"date":"2014-09-23T16:34:05","date_gmt":"2014-09-23T16:34:05","guid":{"rendered":"https:\/\/www.lengyelrobert.hu\/2014\/09\/23\/2014-9-23-i-facebook-bejegyzes\/"},"modified":"2014-09-23T16:34:05","modified_gmt":"2014-09-23T16:34:05","slug":"2014-9-23-i-facebook-bejegyzes","status":"publish","type":"post","link":"https:\/\/www.lengyelrobert.hu\/index.php\/2014\/09\/23\/2014-9-23-i-facebook-bejegyzes\/","title":{"rendered":"2014.9.23-i Facebook bejegyz\u00e9s"},"content":{"rendered":"<p>Kedves Bar\u00e1taim! A leg\u00fajabb vads\u00e1g, amit terjesztenek r\u00f3lam a v\u00e1rosban,  hogy 2006-ban r\u00e9szt vettem a budapesti t\u00f6megoszlat\u00e1sokon. M\u00e9g miel\u0151tt b\u00e1rki  hitelt adna ennek az \u00fajabb szam\u00e1rs\u00e1gnak, szeretn\u00e9m jelezni, hogy 2006 \u0151sz\u00e9n  m\u00e9g a Paksi Neutron Kommand\u00f3 parancsnoka voltam. A pesti esem\u00e9nyek  id\u0151szak\u00e1ban a Vil\u00e1g legterm\u00e9szetesebb dolgak\u00e9nt az atomer\u0151m\u0171 v\u00e9delm\u00e9nek  meger\u0151s\u00edt\u00e9s\u00e9re ker\u00fclt sor. Az \u00e1ltalam vezetett terrorelh\u00e1r\u00edt\u00f3 egys\u00e9g  alaptev\u00e9kenys\u00e9ge akkor is az er\u0151m\u0171 rend\u0151rs\u00e9gi v\u00e9delm\u00e9nek ell\u00e1t\u00e1sa volt,  mint ahogy ismereteim szerint most is az. K\u00e9sz\u00fclts\u00e9gi szolg\u00e1latban voltunk,  Paks ter\u00fclet\u00e9t pedig nem hagyhattuk el. A megy\u00e9kb\u0151l a karhatalmi  feladatokra kik\u00e9pzett j\u00e1r\u0151ri \u00e1llom\u00e1nyok sz\u00e1zadait rendelt\u00e9k fel. H\u00e1t err\u0151l  ennyit tisztelt H\u00f6lgyeim, Uraim. \u00dcdv\u00f6zlettel: L.R.<\/p>\n","protected":false},"excerpt":{"rendered":"<p>Kedves Bar\u00e1taim! A leg\u00fajabb vads\u00e1g, amit terjesztenek r\u00f3lam a v\u00e1rosban,<br \/>\nhogy 2006-ban r\u00e9szt vettem a budapesti t\u00f6megoszlat\u00e1sokon. M\u00e9g miel\u0151tt b\u00e1rki<br \/>\nhitelt adna ennek az \u00fajabb szam\u00e1rs\u00e1gnak, szeretn\u00e9m jelezni, hogy 2006 \u0151sz\u00e9n<br \/>\nm\u00e9g a Paksi Neutron Kommand\u00f3 parancsnoka voltam. A pesti esem\u00e9nyek<br \/>\nid\u0151szak\u00e1ban a Vil\u00e1g legterm\u00e9szetesebb dolgak\u00e9nt az atomer\u0151m\u0171 v\u00e9delm\u00e9nek<br \/>\nmeger\u0151s\u00edt\u00e9s\u00e9re ker\u00fclt sor. Az \u00e1l&#8230;<\/p>\n","protected":false},"author":1,"featured_media":0,"comment_status":"open","ping_status":"open","sticky":false,"template":"","format":"standard","meta":{"_acf_changed":false,"_et_pb_use_builder":"","_et_pb_old_content":"","_et_gb_content_width":"","footnotes":""},"categories":[1],"tags":[],"class_list":["post-3118","post","type-post","status-publish","format-standard","hentry","category-uncategorized"],"acf":[],"yoast_head":"<!-- This site is optimized with the Yoast SEO plugin v23.8 - https:\/\/yoast.com\/wordpress\/plugins\/seo\/ -->\n<title>2014.9.23-i Facebook bejegyz\u00e9s - dr. Lengyel R\u00f3bert<\/title>\n<meta name=\"robots\" content=\"index, follow, max-snippet:-1, max-image-preview:large, max-video-preview:-1\" \/>\n<link rel=\"canonical\" href=\"https:\/\/www.lengyelrobert.hu\/index.php\/2014\/09\/23\/2014-9-23-i-facebook-bejegyzes\/\" \/>\n<meta property=\"og:locale\" content=\"hu_HU\" \/>\n<meta property=\"og:type\" content=\"article\" \/>\n<meta property=\"og:title\" content=\"2014.9.23-i Facebook bejegyz\u00e9s - dr. Lengyel R\u00f3bert\" \/>\n<meta property=\"og:description\" content=\"Kedves Bar\u00e1taim! A leg\u00fajabb vads\u00e1g, amit terjesztenek r\u00f3lam a v\u00e1rosban, hogy 2006-ban r\u00e9szt vettem a budapesti t\u00f6megoszlat\u00e1sokon. M\u00e9g miel\u0151tt b\u00e1rki hitelt adna ennek az \u00fajabb szam\u00e1rs\u00e1gnak, szeretn\u00e9m jelezni, hogy 2006 \u0151sz\u00e9n m\u00e9g a Paksi Neutron Kommand\u00f3 parancsnoka voltam. A pesti esem\u00e9nyek id\u0151szak\u00e1ban a Vil\u00e1g legterm\u00e9szetesebb dolgak\u00e9nt az atomer\u0151m\u0171 v\u00e9delm\u00e9nek meger\u0151s\u00edt\u00e9s\u00e9re ker\u00fclt sor. Az \u00e1l...\" \/>\n<meta property=\"og:url\" content=\"https:\/\/www.lengyelrobert.hu\/index.php\/2014\/09\/23\/2014-9-23-i-facebook-bejegyzes\/\" \/>\n<meta property=\"og:site_name\" content=\"dr. Lengyel R\u00f3bert\" \/>\n<meta property=\"article:published_time\" content=\"2014-09-23T16:34:05+00:00\" \/>\n<meta name=\"author\" content=\"webmaster\" \/>\n<meta name=\"twitter:card\" content=\"summary_large_image\" \/>\n<meta name=\"twitter:label1\" content=\"Szerz\u0151:\" \/>\n\t<meta name=\"twitter:data1\" content=\"webmaster\" \/>\n\t<meta name=\"twitter:label2\" content=\"Becs\u00fclt olvas\u00e1si id\u0151\" \/>\n\t<meta name=\"twitter:data2\" content=\"1 perc\" \/>\n<script type=\"application\/ld+json\" class=\"yoast-schema-graph\">{\"@context\":\"https:\/\/schema.org\",\"@graph\":[{\"@type\":\"WebPage\",\"@id\":\"https:\/\/www.lengyelrobert.hu\/index.php\/2014\/09\/23\/2014-9-23-i-facebook-bejegyzes\/\",\"url\":\"https:\/\/www.lengyelrobert.hu\/index.php\/2014\/09\/23\/2014-9-23-i-facebook-bejegyzes\/\",\"name\":\"2014.9.23-i Facebook bejegyz\u00e9s - dr. Lengyel R\u00f3bert\",\"isPartOf\":{\"@id\":\"https:\/\/www.lengyelrobert.hu\/#website\"},\"datePublished\":\"2014-09-23T16:34:05+00:00\",\"dateModified\":\"2014-09-23T16:34:05+00:00\",\"author\":{\"@id\":\"https:\/\/www.lengyelrobert.hu\/#\/schema\/person\/2926fe5141a59e6530d8a411eb7bfb2d\"},\"breadcrumb\":{\"@id\":\"https:\/\/www.lengyelrobert.hu\/index.php\/2014\/09\/23\/2014-9-23-i-facebook-bejegyzes\/#breadcrumb\"},\"inLanguage\":\"hu\",\"potentialAction\":[{\"@type\":\"ReadAction\",\"target\":[\"https:\/\/www.lengyelrobert.hu\/index.php\/2014\/09\/23\/2014-9-23-i-facebook-bejegyzes\/\"]}]},{\"@type\":\"BreadcrumbList\",\"@id\":\"https:\/\/www.lengyelrobert.hu\/index.php\/2014\/09\/23\/2014-9-23-i-facebook-bejegyzes\/#breadcrumb\",\"itemListElement\":[{\"@type\":\"ListItem\",\"position\":1,\"name\":\"Home\",\"item\":\"https:\/\/www.lengyelrobert.hu\/\"},{\"@type\":\"ListItem\",\"position\":2,\"name\":\"2014.9.23-i Facebook bejegyz\u00e9s\"}]},{\"@type\":\"WebSite\",\"@id\":\"https:\/\/www.lengyelrobert.hu\/#website\",\"url\":\"https:\/\/www.lengyelrobert.hu\/\",\"name\":\"dr. Lengyel R\u00f3bert\",\"description\":\"A Becs\u00fclettel Si\u00f3fok\u00e9rt Egyes\u00fclet honlapja\",\"potentialAction\":[{\"@type\":\"SearchAction\",\"target\":{\"@type\":\"EntryPoint\",\"urlTemplate\":\"https:\/\/www.lengyelrobert.hu\/?s={search_term_string}\"},\"query-input\":{\"@type\":\"PropertyValueSpecification\",\"valueRequired\":true,\"valueName\":\"search_term_string\"}}],\"inLanguage\":\"hu\"},{\"@type\":\"Person\",\"@id\":\"https:\/\/www.lengyelrobert.hu\/#\/schema\/person\/2926fe5141a59e6530d8a411eb7bfb2d\",\"name\":\"webmaster\",\"image\":{\"@type\":\"ImageObject\",\"inLanguage\":\"hu\",\"@id\":\"https:\/\/www.lengyelrobert.hu\/#\/schema\/person\/image\/\",\"url\":\"https:\/\/secure.gravatar.com\/avatar\/d53f7fc01f188bb097ecc2caf950c777c2cdc1ec48a2d1726a8399a2188940b0?s=96&d=mm&r=g\",\"contentUrl\":\"https:\/\/secure.gravatar.com\/avatar\/d53f7fc01f188bb097ecc2caf950c777c2cdc1ec48a2d1726a8399a2188940b0?s=96&d=mm&r=g\",\"caption\":\"webmaster\"},\"sameAs\":[\"https:\/\/www.lengyelrobert.hu\"],\"url\":\"https:\/\/www.lengyelrobert.hu\/index.php\/author\/webmaster\/\"}]}<\/script>\n<!-- \/ Yoast SEO plugin. -->","yoast_head_json":{"title":"2014.9.23-i Facebook bejegyz\u00e9s - dr. Lengyel R\u00f3bert","robots":{"index":"index","follow":"follow","max-snippet":"max-snippet:-1","max-image-preview":"max-image-preview:large","max-video-preview":"max-video-preview:-1"},"canonical":"https:\/\/www.lengyelrobert.hu\/index.php\/2014\/09\/23\/2014-9-23-i-facebook-bejegyzes\/","og_locale":"hu_HU","og_type":"article","og_title":"2014.9.23-i Facebook bejegyz\u00e9s - dr. Lengyel R\u00f3bert","og_description":"Kedves Bar\u00e1taim! A leg\u00fajabb vads\u00e1g, amit terjesztenek r\u00f3lam a v\u00e1rosban, hogy 2006-ban r\u00e9szt vettem a budapesti t\u00f6megoszlat\u00e1sokon. M\u00e9g miel\u0151tt b\u00e1rki hitelt adna ennek az \u00fajabb szam\u00e1rs\u00e1gnak, szeretn\u00e9m jelezni, hogy 2006 \u0151sz\u00e9n m\u00e9g a Paksi Neutron Kommand\u00f3 parancsnoka voltam. A pesti esem\u00e9nyek id\u0151szak\u00e1ban a Vil\u00e1g legterm\u00e9szetesebb dolgak\u00e9nt az atomer\u0151m\u0171 v\u00e9delm\u00e9nek meger\u0151s\u00edt\u00e9s\u00e9re ker\u00fclt sor. Az \u00e1l...","og_url":"https:\/\/www.lengyelrobert.hu\/index.php\/2014\/09\/23\/2014-9-23-i-facebook-bejegyzes\/","og_site_name":"dr. Lengyel R\u00f3bert","article_published_time":"2014-09-23T16:34:05+00:00","author":"webmaster","twitter_card":"summary_large_image","twitter_misc":{"Szerz\u0151:":"webmaster","Becs\u00fclt olvas\u00e1si id\u0151":"1 perc"},"schema":{"@context":"https:\/\/schema.org","@graph":[{"@type":"WebPage","@id":"https:\/\/www.lengyelrobert.hu\/index.php\/2014\/09\/23\/2014-9-23-i-facebook-bejegyzes\/","url":"https:\/\/www.lengyelrobert.hu\/index.php\/2014\/09\/23\/2014-9-23-i-facebook-bejegyzes\/","name":"2014.9.23-i Facebook bejegyz\u00e9s - dr. Lengyel R\u00f3bert","isPartOf":{"@id":"https:\/\/www.lengyelrobert.hu\/#website"},"datePublished":"2014-09-23T16:34:05+00:00","dateModified":"2014-09-23T16:34:05+00:00","author":{"@id":"https:\/\/www.lengyelrobert.hu\/#\/schema\/person\/2926fe5141a59e6530d8a411eb7bfb2d"},"breadcrumb":{"@id":"https:\/\/www.lengyelrobert.hu\/index.php\/2014\/09\/23\/2014-9-23-i-facebook-bejegyzes\/#breadcrumb"},"inLanguage":"hu","potentialAction":[{"@type":"ReadAction","target":["https:\/\/www.lengyelrobert.hu\/index.php\/2014\/09\/23\/2014-9-23-i-facebook-bejegyzes\/"]}]},{"@type":"BreadcrumbList","@id":"https:\/\/www.lengyelrobert.hu\/index.php\/2014\/09\/23\/2014-9-23-i-facebook-bejegyzes\/#breadcrumb","itemListElement":[{"@type":"ListItem","position":1,"name":"Home","item":"https:\/\/www.lengyelrobert.hu\/"},{"@type":"ListItem","position":2,"name":"2014.9.23-i Facebook bejegyz\u00e9s"}]},{"@type":"WebSite","@id":"https:\/\/www.lengyelrobert.hu\/#website","url":"https:\/\/www.lengyelrobert.hu\/","name":"dr. Lengyel R\u00f3bert","description":"A Becs\u00fclettel Si\u00f3fok\u00e9rt Egyes\u00fclet honlapja","potentialAction":[{"@type":"SearchAction","target":{"@type":"EntryPoint","urlTemplate":"https:\/\/www.lengyelrobert.hu\/?s={search_term_string}"},"query-input":{"@type":"PropertyValueSpecification","valueRequired":true,"valueName":"search_term_string"}}],"inLanguage":"hu"},{"@type":"Person","@id":"https:\/\/www.lengyelrobert.hu\/#\/schema\/person\/2926fe5141a59e6530d8a411eb7bfb2d","name":"webmaster","image":{"@type":"ImageObject","inLanguage":"hu","@id":"https:\/\/www.lengyelrobert.hu\/#\/schema\/person\/image\/","url":"https:\/\/secure.gravatar.com\/avatar\/d53f7fc01f188bb097ecc2caf950c777c2cdc1ec48a2d1726a8399a2188940b0?s=96&d=mm&r=g","contentUrl":"https:\/\/secure.gravatar.com\/avatar\/d53f7fc01f188bb097ecc2caf950c777c2cdc1ec48a2d1726a8399a2188940b0?s=96&d=mm&r=g","caption":"webmaster"},"sameAs":["https:\/\/www.lengyelrobert.hu"],"url":"https:\/\/www.lengyelrobert.hu\/index.php\/author\/webmaster\/"}]}},"_links":{"self":[{"href":"https:\/\/www.lengyelrobert.hu\/index.php\/wp-json\/wp\/v2\/posts\/3118","targetHints":{"allow":["GET"]}}],"collection":[{"href":"https:\/\/www.lengyelrobert.hu\/index.php\/wp-json\/wp\/v2\/posts"}],"about":[{"href":"https:\/\/www.lengyelrobert.hu\/index.php\/wp-json\/wp\/v2\/types\/post"}],"author":[{"embeddable":true,"href":"https:\/\/www.lengyelrobert.hu\/index.php\/wp-json\/wp\/v2\/users\/1"}],"replies":[{"embeddable":true,"href":"https:\/\/www.lengyelrobert.hu\/index.php\/wp-json\/wp\/v2\/comments?post=3118"}],"version-history":[{"count":0,"href":"https:\/\/www.lengyelrobert.hu\/index.php\/wp-json\/wp\/v2\/posts\/3118\/revisions"}],"wp:attachment":[{"href":"https:\/\/www.lengyelrobert.hu\/index.php\/wp-json\/wp\/v2\/media?parent=3118"}],"wp:term":[{"taxonomy":"category","embeddable":true,"href":"https:\/\/www.lengyelrobert.hu\/index.php\/wp-json\/wp\/v2\/categories?post=3118"},{"taxonomy":"post_tag","embeddable":true,"href":"https:\/\/www.lengyelrobert.hu\/index.php\/wp-json\/wp\/v2\/tags?post=3118"}],"curies":[{"name":"wp","href":"https:\/\/api.w.org\/{rel}","templated":true}]}}