{"id":3073,"date":"2014-11-10T19:35:47","date_gmt":"2014-11-10T19:35:47","guid":{"rendered":"https:\/\/www.lengyelrobert.hu\/2014\/11\/10\/2014-11-10-i-facebook-bejegyzes\/"},"modified":"2014-11-10T19:35:47","modified_gmt":"2014-11-10T19:35:47","slug":"2014-11-10-i-facebook-bejegyzes","status":"publish","type":"post","link":"https:\/\/www.lengyelrobert.hu\/index.php\/2014\/11\/10\/2014-11-10-i-facebook-bejegyzes\/","title":{"rendered":"2014.11.10-i Facebook bejegyz\u00e9s"},"content":{"rendered":"<p>Sz\u00e9p est\u00e9t mindenkinek! A h\u00e9t v\u00e9g\u00e9n r\u00e9szt vettem a Fogyat\u00e9kkal \u00c9l\u0151k  Egyes\u00fclet\u00e9nek v\u00e1rosi rendezv\u00e9ny\u00e9n. Telt h\u00e1z, tal\u00e1n 200-n\u00e1l is t\u00f6bb  r\u00e9sztvev\u0151vel, nagyszer\u0171 hangulatban. Sok minden sz\u00f3ba ker\u00fclt \u00e9s n\u00e9h\u00e1ny  konkr\u00e9t felaj\u00e1nl\u00e1ssal is \u00e9ltem: a levezet\u0151 eln\u00f6k a helyi m\u00e9di\u00e1kban val\u00f3  megjelen\u00e9si lehet\u0151s\u00e9gek hi\u00e1ny\u00e1r\u00f3l panaszkodott. Felaj\u00e1nlottam, hogy az  \u00f6nkorm\u00e1nyzati havi lap k\u00f6vetkez\u0151 sz\u00e1m\u00e1ban lehet\u0151s\u00e9get kapnak a  bemutatkoz\u00e1sra, majd azt k\u00f6vet\u0151en m\u00e1s egyes\u00fcletek szint\u00e9n. Elpanaszolta,  hogy kor\u00e1bban volt lehet\u0151s\u00e9g\u00fck a hivatal \u00e9p\u00fclet\u00e9ben fogad\u00f3 napokat  tartaniuk, erre a fogyat\u00e9kkel \u00e9l\u0151knek komoly ig\u00e9ny\u00fck is volt, de a  lehet\u0151s\u00e9g megsz\u0171nt. \u00c3\u008dg\u00e9retet tettem, hogy megvizsg\u00e1lom, mik\u00e9nt tudn\u00e1nk  erre \u00faj\u00f3lag megold\u00e1st tal\u00e1lni. Ezen fel\u00fcl lehet\u0151s\u00e9get biztos\u00edtok az  egyes\u00fcletnek arra, hogy c\u00edm\u00e9t, el\u00e9rhet\u0151s\u00e9g\u00e9t a hivatal aul\u00e1j\u00e1ban k\u00f6zz\u00e9  tegy\u00e9k. Tagi felsz\u00f3lal\u00e1sban sz\u00f3ba ker\u00fclt, hogy a volt k\u00f6nyvt\u00e1r \u00e9p\u00fclete  alkalmas lehetne egyes\u00fcleti \u00e9lett\u00e9rnek a v\u00e1rosban. A kamp\u00e1nyomban magam is  hangoztattam, hogy egy Civil H\u00e1zra jogos ig\u00e9ny van, ahol az egyes\u00fcletek,  egy\u00e9b civil szervezetek a k\u00f6z\u00f6ss\u00e9gi \u00e9let\u00fcket \u00e9lhetn\u00e9k, ennek ak\u00e1r helyet  adhatna az eml\u00edtett \u00e9p\u00fclet is. Megvizsg\u00e1lom annak jelenlegi st\u00e1tusz\u00e1t \u00e9s  m\u00e9g visszat\u00e9r\u00fcnk r\u00e1. Egy\u00e9bk\u00e9nt t\u00e9nyleg kiv\u00e1l\u00f3 k\u00f6z\u00f6ss\u00e9gbe cs\u00f6ppentem,  k\u00f6sz\u00f6n\u00f6m nekik a lehet\u0151s\u00e9get. Igyekeztem ma k\u00e9pbe ker\u00fclni, mik\u00e9nt is \u00e1ll a  si\u00f3foki profi futball helyzete (nem t\u00fal j\u00f3l), mibe ker\u00fclt az id\u00e9n a  v\u00e1rosnak (nem kev\u00e9sbe). Amennyiben a pontos adatok rendelkez\u00e9semre \u00e1llnak,  t\u00e1j\u00e9koztatni fogom a k\u00e9pvisel\u0151 test\u00fcletet \u00e9s a lakoss\u00e1got is. Folynak a  cs\u00fct\u00f6rt\u00f6ki k\u00e9pvisel\u0151 test\u00fcleti \u00fcl\u00e9s el\u0151k\u00e9sz\u00fcletei, az utols\u00f3 egyeztet\u00e9sek,  b\u00edzom benne, hogy ez\u00fattal jobb hangulatban \u00e1llunk fel a kerek asztalt\u00f3l. Ma  ennyi, j\u00f3 pihen\u00e9st mindenkinek. Bar\u00e1ts\u00e1ggal: R.<\/p>\n","protected":false},"excerpt":{"rendered":"<p>Sz\u00e9p est\u00e9t mindenkinek! A h\u00e9t v\u00e9g\u00e9n r\u00e9szt vettem a Fogyat\u00e9kkal \u00c9l\u0151k<br \/>\nEgyes\u00fclet\u00e9nek v\u00e1rosi rendezv\u00e9ny\u00e9n. Telt h\u00e1z, tal\u00e1n 200-n\u00e1l is t\u00f6bb<br \/>\nr\u00e9sztvev\u0151vel, nagyszer\u0171 hangulatban. Sok minden sz\u00f3ba ker\u00fclt \u00e9s n\u00e9h\u00e1ny<br \/>\nkonkr\u00e9t felaj\u00e1nl\u00e1ssal is \u00e9ltem: a levezet\u0151 eln\u00f6k a helyi m\u00e9di\u00e1kban val\u00f3<br \/>\nmegjelen\u00e9si lehet\u0151s\u00e9gek hi\u00e1ny\u00e1r\u00f3l panaszkodott. Felaj\u00e1nlottam, hogy az<br \/>\n\u00f6nkorm\u00e1nyzati havi lap k\u00f6vetkez\u0151 sz\u00e1m\u00e1ban lehe&#8230;<\/p>\n","protected":false},"author":1,"featured_media":0,"comment_status":"open","ping_status":"open","sticky":false,"template":"","format":"standard","meta":{"_acf_changed":false,"_et_pb_use_builder":"","_et_pb_old_content":"","_et_gb_content_width":"","footnotes":""},"categories":[1],"tags":[],"class_list":["post-3073","post","type-post","status-publish","format-standard","hentry","category-uncategorized"],"acf":[],"yoast_head":"<!-- This site is optimized with the Yoast SEO plugin v23.8 - https:\/\/yoast.com\/wordpress\/plugins\/seo\/ -->\n<title>2014.11.10-i Facebook bejegyz\u00e9s - dr. Lengyel R\u00f3bert<\/title>\n<meta name=\"robots\" content=\"index, follow, max-snippet:-1, max-image-preview:large, max-video-preview:-1\" \/>\n<link rel=\"canonical\" href=\"https:\/\/www.lengyelrobert.hu\/index.php\/2014\/11\/10\/2014-11-10-i-facebook-bejegyzes\/\" \/>\n<meta property=\"og:locale\" content=\"hu_HU\" \/>\n<meta property=\"og:type\" content=\"article\" \/>\n<meta property=\"og:title\" content=\"2014.11.10-i Facebook bejegyz\u00e9s - dr. Lengyel R\u00f3bert\" \/>\n<meta property=\"og:description\" content=\"Sz\u00e9p est\u00e9t mindenkinek! A h\u00e9t v\u00e9g\u00e9n r\u00e9szt vettem a Fogyat\u00e9kkal \u00c9l\u0151k Egyes\u00fclet\u00e9nek v\u00e1rosi rendezv\u00e9ny\u00e9n. Telt h\u00e1z, tal\u00e1n 200-n\u00e1l is t\u00f6bb r\u00e9sztvev\u0151vel, nagyszer\u0171 hangulatban. Sok minden sz\u00f3ba ker\u00fclt \u00e9s n\u00e9h\u00e1ny konkr\u00e9t felaj\u00e1nl\u00e1ssal is \u00e9ltem: a levezet\u0151 eln\u00f6k a helyi m\u00e9di\u00e1kban val\u00f3 megjelen\u00e9si lehet\u0151s\u00e9gek hi\u00e1ny\u00e1r\u00f3l panaszkodott. Felaj\u00e1nlottam, hogy az \u00f6nkorm\u00e1nyzati havi lap k\u00f6vetkez\u0151 sz\u00e1m\u00e1ban lehe...\" \/>\n<meta property=\"og:url\" content=\"https:\/\/www.lengyelrobert.hu\/index.php\/2014\/11\/10\/2014-11-10-i-facebook-bejegyzes\/\" \/>\n<meta property=\"og:site_name\" content=\"dr. Lengyel R\u00f3bert\" \/>\n<meta property=\"article:published_time\" content=\"2014-11-10T19:35:47+00:00\" \/>\n<meta name=\"author\" content=\"webmaster\" \/>\n<meta name=\"twitter:card\" content=\"summary_large_image\" \/>\n<meta name=\"twitter:label1\" content=\"Szerz\u0151:\" \/>\n\t<meta name=\"twitter:data1\" content=\"webmaster\" \/>\n\t<meta name=\"twitter:label2\" content=\"Becs\u00fclt olvas\u00e1si id\u0151\" \/>\n\t<meta name=\"twitter:data2\" content=\"2 perc\" \/>\n<script type=\"application\/ld+json\" class=\"yoast-schema-graph\">{\"@context\":\"https:\/\/schema.org\",\"@graph\":[{\"@type\":\"WebPage\",\"@id\":\"https:\/\/www.lengyelrobert.hu\/index.php\/2014\/11\/10\/2014-11-10-i-facebook-bejegyzes\/\",\"url\":\"https:\/\/www.lengyelrobert.hu\/index.php\/2014\/11\/10\/2014-11-10-i-facebook-bejegyzes\/\",\"name\":\"2014.11.10-i Facebook bejegyz\u00e9s - dr. Lengyel R\u00f3bert\",\"isPartOf\":{\"@id\":\"https:\/\/www.lengyelrobert.hu\/#website\"},\"datePublished\":\"2014-11-10T19:35:47+00:00\",\"dateModified\":\"2014-11-10T19:35:47+00:00\",\"author\":{\"@id\":\"https:\/\/www.lengyelrobert.hu\/#\/schema\/person\/2926fe5141a59e6530d8a411eb7bfb2d\"},\"breadcrumb\":{\"@id\":\"https:\/\/www.lengyelrobert.hu\/index.php\/2014\/11\/10\/2014-11-10-i-facebook-bejegyzes\/#breadcrumb\"},\"inLanguage\":\"hu\",\"potentialAction\":[{\"@type\":\"ReadAction\",\"target\":[\"https:\/\/www.lengyelrobert.hu\/index.php\/2014\/11\/10\/2014-11-10-i-facebook-bejegyzes\/\"]}]},{\"@type\":\"BreadcrumbList\",\"@id\":\"https:\/\/www.lengyelrobert.hu\/index.php\/2014\/11\/10\/2014-11-10-i-facebook-bejegyzes\/#breadcrumb\",\"itemListElement\":[{\"@type\":\"ListItem\",\"position\":1,\"name\":\"Home\",\"item\":\"https:\/\/www.lengyelrobert.hu\/\"},{\"@type\":\"ListItem\",\"position\":2,\"name\":\"2014.11.10-i Facebook bejegyz\u00e9s\"}]},{\"@type\":\"WebSite\",\"@id\":\"https:\/\/www.lengyelrobert.hu\/#website\",\"url\":\"https:\/\/www.lengyelrobert.hu\/\",\"name\":\"dr. Lengyel R\u00f3bert\",\"description\":\"A Becs\u00fclettel Si\u00f3fok\u00e9rt Egyes\u00fclet honlapja\",\"potentialAction\":[{\"@type\":\"SearchAction\",\"target\":{\"@type\":\"EntryPoint\",\"urlTemplate\":\"https:\/\/www.lengyelrobert.hu\/?s={search_term_string}\"},\"query-input\":{\"@type\":\"PropertyValueSpecification\",\"valueRequired\":true,\"valueName\":\"search_term_string\"}}],\"inLanguage\":\"hu\"},{\"@type\":\"Person\",\"@id\":\"https:\/\/www.lengyelrobert.hu\/#\/schema\/person\/2926fe5141a59e6530d8a411eb7bfb2d\",\"name\":\"webmaster\",\"image\":{\"@type\":\"ImageObject\",\"inLanguage\":\"hu\",\"@id\":\"https:\/\/www.lengyelrobert.hu\/#\/schema\/person\/image\/\",\"url\":\"https:\/\/secure.gravatar.com\/avatar\/d53f7fc01f188bb097ecc2caf950c777c2cdc1ec48a2d1726a8399a2188940b0?s=96&d=mm&r=g\",\"contentUrl\":\"https:\/\/secure.gravatar.com\/avatar\/d53f7fc01f188bb097ecc2caf950c777c2cdc1ec48a2d1726a8399a2188940b0?s=96&d=mm&r=g\",\"caption\":\"webmaster\"},\"sameAs\":[\"https:\/\/www.lengyelrobert.hu\"],\"url\":\"https:\/\/www.lengyelrobert.hu\/index.php\/author\/webmaster\/\"}]}<\/script>\n<!-- \/ Yoast SEO plugin. -->","yoast_head_json":{"title":"2014.11.10-i Facebook bejegyz\u00e9s - dr. Lengyel R\u00f3bert","robots":{"index":"index","follow":"follow","max-snippet":"max-snippet:-1","max-image-preview":"max-image-preview:large","max-video-preview":"max-video-preview:-1"},"canonical":"https:\/\/www.lengyelrobert.hu\/index.php\/2014\/11\/10\/2014-11-10-i-facebook-bejegyzes\/","og_locale":"hu_HU","og_type":"article","og_title":"2014.11.10-i Facebook bejegyz\u00e9s - dr. Lengyel R\u00f3bert","og_description":"Sz\u00e9p est\u00e9t mindenkinek! A h\u00e9t v\u00e9g\u00e9n r\u00e9szt vettem a Fogyat\u00e9kkal \u00c9l\u0151k Egyes\u00fclet\u00e9nek v\u00e1rosi rendezv\u00e9ny\u00e9n. Telt h\u00e1z, tal\u00e1n 200-n\u00e1l is t\u00f6bb r\u00e9sztvev\u0151vel, nagyszer\u0171 hangulatban. Sok minden sz\u00f3ba ker\u00fclt \u00e9s n\u00e9h\u00e1ny konkr\u00e9t felaj\u00e1nl\u00e1ssal is \u00e9ltem: a levezet\u0151 eln\u00f6k a helyi m\u00e9di\u00e1kban val\u00f3 megjelen\u00e9si lehet\u0151s\u00e9gek hi\u00e1ny\u00e1r\u00f3l panaszkodott. Felaj\u00e1nlottam, hogy az \u00f6nkorm\u00e1nyzati havi lap k\u00f6vetkez\u0151 sz\u00e1m\u00e1ban lehe...","og_url":"https:\/\/www.lengyelrobert.hu\/index.php\/2014\/11\/10\/2014-11-10-i-facebook-bejegyzes\/","og_site_name":"dr. Lengyel R\u00f3bert","article_published_time":"2014-11-10T19:35:47+00:00","author":"webmaster","twitter_card":"summary_large_image","twitter_misc":{"Szerz\u0151:":"webmaster","Becs\u00fclt olvas\u00e1si id\u0151":"2 perc"},"schema":{"@context":"https:\/\/schema.org","@graph":[{"@type":"WebPage","@id":"https:\/\/www.lengyelrobert.hu\/index.php\/2014\/11\/10\/2014-11-10-i-facebook-bejegyzes\/","url":"https:\/\/www.lengyelrobert.hu\/index.php\/2014\/11\/10\/2014-11-10-i-facebook-bejegyzes\/","name":"2014.11.10-i Facebook bejegyz\u00e9s - dr. Lengyel R\u00f3bert","isPartOf":{"@id":"https:\/\/www.lengyelrobert.hu\/#website"},"datePublished":"2014-11-10T19:35:47+00:00","dateModified":"2014-11-10T19:35:47+00:00","author":{"@id":"https:\/\/www.lengyelrobert.hu\/#\/schema\/person\/2926fe5141a59e6530d8a411eb7bfb2d"},"breadcrumb":{"@id":"https:\/\/www.lengyelrobert.hu\/index.php\/2014\/11\/10\/2014-11-10-i-facebook-bejegyzes\/#breadcrumb"},"inLanguage":"hu","potentialAction":[{"@type":"ReadAction","target":["https:\/\/www.lengyelrobert.hu\/index.php\/2014\/11\/10\/2014-11-10-i-facebook-bejegyzes\/"]}]},{"@type":"BreadcrumbList","@id":"https:\/\/www.lengyelrobert.hu\/index.php\/2014\/11\/10\/2014-11-10-i-facebook-bejegyzes\/#breadcrumb","itemListElement":[{"@type":"ListItem","position":1,"name":"Home","item":"https:\/\/www.lengyelrobert.hu\/"},{"@type":"ListItem","position":2,"name":"2014.11.10-i Facebook bejegyz\u00e9s"}]},{"@type":"WebSite","@id":"https:\/\/www.lengyelrobert.hu\/#website","url":"https:\/\/www.lengyelrobert.hu\/","name":"dr. Lengyel R\u00f3bert","description":"A Becs\u00fclettel Si\u00f3fok\u00e9rt Egyes\u00fclet honlapja","potentialAction":[{"@type":"SearchAction","target":{"@type":"EntryPoint","urlTemplate":"https:\/\/www.lengyelrobert.hu\/?s={search_term_string}"},"query-input":{"@type":"PropertyValueSpecification","valueRequired":true,"valueName":"search_term_string"}}],"inLanguage":"hu"},{"@type":"Person","@id":"https:\/\/www.lengyelrobert.hu\/#\/schema\/person\/2926fe5141a59e6530d8a411eb7bfb2d","name":"webmaster","image":{"@type":"ImageObject","inLanguage":"hu","@id":"https:\/\/www.lengyelrobert.hu\/#\/schema\/person\/image\/","url":"https:\/\/secure.gravatar.com\/avatar\/d53f7fc01f188bb097ecc2caf950c777c2cdc1ec48a2d1726a8399a2188940b0?s=96&d=mm&r=g","contentUrl":"https:\/\/secure.gravatar.com\/avatar\/d53f7fc01f188bb097ecc2caf950c777c2cdc1ec48a2d1726a8399a2188940b0?s=96&d=mm&r=g","caption":"webmaster"},"sameAs":["https:\/\/www.lengyelrobert.hu"],"url":"https:\/\/www.lengyelrobert.hu\/index.php\/author\/webmaster\/"}]}},"_links":{"self":[{"href":"https:\/\/www.lengyelrobert.hu\/index.php\/wp-json\/wp\/v2\/posts\/3073","targetHints":{"allow":["GET"]}}],"collection":[{"href":"https:\/\/www.lengyelrobert.hu\/index.php\/wp-json\/wp\/v2\/posts"}],"about":[{"href":"https:\/\/www.lengyelrobert.hu\/index.php\/wp-json\/wp\/v2\/types\/post"}],"author":[{"embeddable":true,"href":"https:\/\/www.lengyelrobert.hu\/index.php\/wp-json\/wp\/v2\/users\/1"}],"replies":[{"embeddable":true,"href":"https:\/\/www.lengyelrobert.hu\/index.php\/wp-json\/wp\/v2\/comments?post=3073"}],"version-history":[{"count":0,"href":"https:\/\/www.lengyelrobert.hu\/index.php\/wp-json\/wp\/v2\/posts\/3073\/revisions"}],"wp:attachment":[{"href":"https:\/\/www.lengyelrobert.hu\/index.php\/wp-json\/wp\/v2\/media?parent=3073"}],"wp:term":[{"taxonomy":"category","embeddable":true,"href":"https:\/\/www.lengyelrobert.hu\/index.php\/wp-json\/wp\/v2\/categories?post=3073"},{"taxonomy":"post_tag","embeddable":true,"href":"https:\/\/www.lengyelrobert.hu\/index.php\/wp-json\/wp\/v2\/tags?post=3073"}],"curies":[{"name":"wp","href":"https:\/\/api.w.org\/{rel}","templated":true}]}}