{"id":3042,"date":"2015-01-03T19:39:51","date_gmt":"2015-01-03T19:39:51","guid":{"rendered":"https:\/\/www.lengyelrobert.hu\/2015\/01\/03\/2015-1-3-i-facebook-bejegyzes\/"},"modified":"2015-01-03T19:39:51","modified_gmt":"2015-01-03T19:39:51","slug":"2015-1-3-i-facebook-bejegyzes","status":"publish","type":"post","link":"https:\/\/www.lengyelrobert.hu\/index.php\/2015\/01\/03\/2015-1-3-i-facebook-bejegyzes\/","title":{"rendered":"2015.1.3-i Facebook bejegyz\u00e9s"},"content":{"rendered":"<p>Tisztelt Olvas\u00f3im! Az elm\u00falt napokban igyekeztem kicsit kikapcsol\u00f3dni, p\u00e1r  napot laz\u00edtani, er\u0151t gy\u0171jteni az \u00fajesztend\u0151 v\u00e1rhat\u00f3 kih\u00edv\u00e1saihoz. Rengeteg  j\u00f3k\u00edv\u00e1ns\u00e1got kaptam tov\u00e1bbra is lentebb \u00e9s priv\u00e1t \u00fczenetekben egyar\u00e1nt,  nagyon k\u00f6sz\u00f6n\u00f6m valamennyit. K\u00edv\u00e1nom, min\u00e9l t\u00f6bb polg\u00e1rmesternek szerte az  orsz\u00e1gban, hogy ilyen emberek\u00e9rt dolgozhassanak, mint j\u00f3magam.  Term\u00e9szetesen, amint a dolgos h\u00e9tk\u00f6znapok megkezd\u0151dnek, \u00fajra posztolni  fogok, hisz els\u0151 k\u00e9zb\u0151l \u00e9s legegyszer\u0171bben tov\u00e1bbra is itt van lehet\u0151s\u00e9gem  inform\u00e1lni az embereket, m\u00e9g akkor is, ha tudom, vannak akiknek ez nagyon,  de nagyon nem tetszik. (Az \u00f6nkorm\u00e1nyzat kommunik\u00e1ci\u00f3s tev\u00e9kenys\u00e9g\u00e9t  egy\u00e9bk\u00e9nt janu\u00e1rban \u00e9rt\u00e9keli a test\u00fclet. \u00c9n szeretn\u00e9m olcs\u00f3bb\u00e1 \u00e9s  k\u00f6zszolg\u00e1latibb\u00e1 tenni. ) Szeretn\u00e9k min\u00e9l t\u00f6bb k\u00f6z\u00f6ss\u00e9gbe eljutni 2015-ben,  min\u00e9l jobban megismerni a v\u00e1ros minden szegmens\u00e9t, probl\u00e9m\u00e1j\u00e1t. A napokban  felaj\u00e1nlottam a k\u00e9pvisel\u0151 test\u00fclet \u00f6n\u00e1ll\u00f3 v\u00e1laszt\u00f3 k\u00f6rzettel rendelkez\u0151  k\u00e9pvisel\u0151inek, hogy az egyes k\u00f6rzeteket szeretn\u00e9m az illet\u00e9kes  k\u00e9pvisel\u0151kkel egy\u00fctt v\u00e9gigj\u00e1rni, szem\u00e9lyesen meggy\u0151z\u0151dni arr\u00f3l, mik\u00e9nt is  \u00e1llunk utakkal, j\u00e1rd\u00e1kkal, \u00e1rkokkal, parkokkal, stb. K\u00f6lts\u00e9gvet\u00e9s tervez\u00e9se  el\u0151tt \u00e1llunk, m\u00e9rj\u00fck fel a sz\u00fcks\u00e9gleteket, vess\u00fck \u00f6ssze a lehet\u0151s\u00e9gekkel \u00e9s  \u00fctemezz\u00fck a munk\u00e1kat. Egyszerre minden nem megy, mindenki kedv\u00e9re nem lehet  tenni, de, ak\u00e1r \u00e9vekre el\u0151re tervezve, sok mindenben lehet majd fejl\u0151dni \u00e9s  kell is. Sz\u00f3val tov\u00e1bbra is k\u00e9rem, hogy t\u00e1mogassanak, t\u00e1mogassatok \u00e9s  meggy\u0151z\u0151d\u00e9sem, hogy a test\u00fclettel egy\u00fcttm\u0171k\u00f6dve helyes ir\u00e1nyba fordul a  v\u00e1ros haj\u00f3ja. Rajtam nem fog m\u00falni. Tov\u00e1bbi sz\u00e9p est\u00e9t k\u00edv\u00e1nva: R<\/p>\n","protected":false},"excerpt":{"rendered":"<p>Tisztelt Olvas\u00f3im! Az elm\u00falt napokban igyekeztem kicsit kikapcsol\u00f3dni, p\u00e1r<br \/>\nnapot laz\u00edtani, er\u0151t gy\u0171jteni az \u00fajesztend\u0151 v\u00e1rhat\u00f3 kih\u00edv\u00e1saihoz. Rengeteg<br \/>\nj\u00f3k\u00edv\u00e1ns\u00e1got kaptam tov\u00e1bbra is lentebb \u00e9s priv\u00e1t \u00fczenetekben egyar\u00e1nt,<br \/>\nnagyon k\u00f6sz\u00f6n\u00f6m valamennyit. K\u00edv\u00e1nom, min\u00e9l t\u00f6bb polg\u00e1rmesternek szerte az<br \/>\norsz\u00e1gban, hogy ilyen emberek\u00e9rt dolgozhassanak, mint j\u00f3magam.<br \/>\nTerm\u00e9szetesen, amint a dolgos h\u00e9tk\u00f6&#8230;<\/p>\n","protected":false},"author":1,"featured_media":0,"comment_status":"open","ping_status":"open","sticky":false,"template":"","format":"standard","meta":{"_acf_changed":false,"_et_pb_use_builder":"","_et_pb_old_content":"","_et_gb_content_width":"","footnotes":""},"categories":[5],"tags":[],"class_list":["post-3042","post","type-post","status-publish","format-standard","hentry","category-facebook-bejegyzesek"],"acf":[],"yoast_head":"<!-- This site is optimized with the Yoast SEO plugin v23.8 - https:\/\/yoast.com\/wordpress\/plugins\/seo\/ -->\n<title>2015.1.3-i Facebook bejegyz\u00e9s - dr. Lengyel R\u00f3bert<\/title>\n<meta name=\"robots\" content=\"index, follow, max-snippet:-1, max-image-preview:large, max-video-preview:-1\" \/>\n<link rel=\"canonical\" href=\"https:\/\/www.lengyelrobert.hu\/index.php\/2015\/01\/03\/2015-1-3-i-facebook-bejegyzes\/\" \/>\n<meta property=\"og:locale\" content=\"hu_HU\" \/>\n<meta property=\"og:type\" content=\"article\" \/>\n<meta property=\"og:title\" content=\"2015.1.3-i Facebook bejegyz\u00e9s - dr. Lengyel R\u00f3bert\" \/>\n<meta property=\"og:description\" content=\"Tisztelt Olvas\u00f3im! Az elm\u00falt napokban igyekeztem kicsit kikapcsol\u00f3dni, p\u00e1r napot laz\u00edtani, er\u0151t gy\u0171jteni az \u00fajesztend\u0151 v\u00e1rhat\u00f3 kih\u00edv\u00e1saihoz. Rengeteg j\u00f3k\u00edv\u00e1ns\u00e1got kaptam tov\u00e1bbra is lentebb \u00e9s priv\u00e1t \u00fczenetekben egyar\u00e1nt, nagyon k\u00f6sz\u00f6n\u00f6m valamennyit. K\u00edv\u00e1nom, min\u00e9l t\u00f6bb polg\u00e1rmesternek szerte az orsz\u00e1gban, hogy ilyen emberek\u00e9rt dolgozhassanak, mint j\u00f3magam. Term\u00e9szetesen, amint a dolgos h\u00e9tk\u00f6...\" \/>\n<meta property=\"og:url\" content=\"https:\/\/www.lengyelrobert.hu\/index.php\/2015\/01\/03\/2015-1-3-i-facebook-bejegyzes\/\" \/>\n<meta property=\"og:site_name\" content=\"dr. Lengyel R\u00f3bert\" \/>\n<meta property=\"article:published_time\" content=\"2015-01-03T19:39:51+00:00\" \/>\n<meta name=\"author\" content=\"webmaster\" \/>\n<meta name=\"twitter:card\" content=\"summary_large_image\" \/>\n<meta name=\"twitter:label1\" content=\"Szerz\u0151:\" \/>\n\t<meta name=\"twitter:data1\" content=\"webmaster\" \/>\n\t<meta name=\"twitter:label2\" content=\"Becs\u00fclt olvas\u00e1si id\u0151\" \/>\n\t<meta name=\"twitter:data2\" content=\"2 perc\" \/>\n<script type=\"application\/ld+json\" class=\"yoast-schema-graph\">{\"@context\":\"https:\/\/schema.org\",\"@graph\":[{\"@type\":\"WebPage\",\"@id\":\"https:\/\/www.lengyelrobert.hu\/index.php\/2015\/01\/03\/2015-1-3-i-facebook-bejegyzes\/\",\"url\":\"https:\/\/www.lengyelrobert.hu\/index.php\/2015\/01\/03\/2015-1-3-i-facebook-bejegyzes\/\",\"name\":\"2015.1.3-i Facebook bejegyz\u00e9s - dr. Lengyel R\u00f3bert\",\"isPartOf\":{\"@id\":\"https:\/\/www.lengyelrobert.hu\/#website\"},\"datePublished\":\"2015-01-03T19:39:51+00:00\",\"dateModified\":\"2015-01-03T19:39:51+00:00\",\"author\":{\"@id\":\"https:\/\/www.lengyelrobert.hu\/#\/schema\/person\/2926fe5141a59e6530d8a411eb7bfb2d\"},\"breadcrumb\":{\"@id\":\"https:\/\/www.lengyelrobert.hu\/index.php\/2015\/01\/03\/2015-1-3-i-facebook-bejegyzes\/#breadcrumb\"},\"inLanguage\":\"hu\",\"potentialAction\":[{\"@type\":\"ReadAction\",\"target\":[\"https:\/\/www.lengyelrobert.hu\/index.php\/2015\/01\/03\/2015-1-3-i-facebook-bejegyzes\/\"]}]},{\"@type\":\"BreadcrumbList\",\"@id\":\"https:\/\/www.lengyelrobert.hu\/index.php\/2015\/01\/03\/2015-1-3-i-facebook-bejegyzes\/#breadcrumb\",\"itemListElement\":[{\"@type\":\"ListItem\",\"position\":1,\"name\":\"Home\",\"item\":\"https:\/\/www.lengyelrobert.hu\/\"},{\"@type\":\"ListItem\",\"position\":2,\"name\":\"2015.1.3-i Facebook bejegyz\u00e9s\"}]},{\"@type\":\"WebSite\",\"@id\":\"https:\/\/www.lengyelrobert.hu\/#website\",\"url\":\"https:\/\/www.lengyelrobert.hu\/\",\"name\":\"dr. Lengyel R\u00f3bert\",\"description\":\"A Becs\u00fclettel Si\u00f3fok\u00e9rt Egyes\u00fclet honlapja\",\"potentialAction\":[{\"@type\":\"SearchAction\",\"target\":{\"@type\":\"EntryPoint\",\"urlTemplate\":\"https:\/\/www.lengyelrobert.hu\/?s={search_term_string}\"},\"query-input\":{\"@type\":\"PropertyValueSpecification\",\"valueRequired\":true,\"valueName\":\"search_term_string\"}}],\"inLanguage\":\"hu\"},{\"@type\":\"Person\",\"@id\":\"https:\/\/www.lengyelrobert.hu\/#\/schema\/person\/2926fe5141a59e6530d8a411eb7bfb2d\",\"name\":\"webmaster\",\"image\":{\"@type\":\"ImageObject\",\"inLanguage\":\"hu\",\"@id\":\"https:\/\/www.lengyelrobert.hu\/#\/schema\/person\/image\/\",\"url\":\"https:\/\/secure.gravatar.com\/avatar\/d53f7fc01f188bb097ecc2caf950c777c2cdc1ec48a2d1726a8399a2188940b0?s=96&d=mm&r=g\",\"contentUrl\":\"https:\/\/secure.gravatar.com\/avatar\/d53f7fc01f188bb097ecc2caf950c777c2cdc1ec48a2d1726a8399a2188940b0?s=96&d=mm&r=g\",\"caption\":\"webmaster\"},\"sameAs\":[\"https:\/\/www.lengyelrobert.hu\"],\"url\":\"https:\/\/www.lengyelrobert.hu\/index.php\/author\/webmaster\/\"}]}<\/script>\n<!-- \/ Yoast SEO plugin. -->","yoast_head_json":{"title":"2015.1.3-i Facebook bejegyz\u00e9s - dr. Lengyel R\u00f3bert","robots":{"index":"index","follow":"follow","max-snippet":"max-snippet:-1","max-image-preview":"max-image-preview:large","max-video-preview":"max-video-preview:-1"},"canonical":"https:\/\/www.lengyelrobert.hu\/index.php\/2015\/01\/03\/2015-1-3-i-facebook-bejegyzes\/","og_locale":"hu_HU","og_type":"article","og_title":"2015.1.3-i Facebook bejegyz\u00e9s - dr. Lengyel R\u00f3bert","og_description":"Tisztelt Olvas\u00f3im! Az elm\u00falt napokban igyekeztem kicsit kikapcsol\u00f3dni, p\u00e1r napot laz\u00edtani, er\u0151t gy\u0171jteni az \u00fajesztend\u0151 v\u00e1rhat\u00f3 kih\u00edv\u00e1saihoz. Rengeteg j\u00f3k\u00edv\u00e1ns\u00e1got kaptam tov\u00e1bbra is lentebb \u00e9s priv\u00e1t \u00fczenetekben egyar\u00e1nt, nagyon k\u00f6sz\u00f6n\u00f6m valamennyit. K\u00edv\u00e1nom, min\u00e9l t\u00f6bb polg\u00e1rmesternek szerte az orsz\u00e1gban, hogy ilyen emberek\u00e9rt dolgozhassanak, mint j\u00f3magam. Term\u00e9szetesen, amint a dolgos h\u00e9tk\u00f6...","og_url":"https:\/\/www.lengyelrobert.hu\/index.php\/2015\/01\/03\/2015-1-3-i-facebook-bejegyzes\/","og_site_name":"dr. Lengyel R\u00f3bert","article_published_time":"2015-01-03T19:39:51+00:00","author":"webmaster","twitter_card":"summary_large_image","twitter_misc":{"Szerz\u0151:":"webmaster","Becs\u00fclt olvas\u00e1si id\u0151":"2 perc"},"schema":{"@context":"https:\/\/schema.org","@graph":[{"@type":"WebPage","@id":"https:\/\/www.lengyelrobert.hu\/index.php\/2015\/01\/03\/2015-1-3-i-facebook-bejegyzes\/","url":"https:\/\/www.lengyelrobert.hu\/index.php\/2015\/01\/03\/2015-1-3-i-facebook-bejegyzes\/","name":"2015.1.3-i Facebook bejegyz\u00e9s - dr. Lengyel R\u00f3bert","isPartOf":{"@id":"https:\/\/www.lengyelrobert.hu\/#website"},"datePublished":"2015-01-03T19:39:51+00:00","dateModified":"2015-01-03T19:39:51+00:00","author":{"@id":"https:\/\/www.lengyelrobert.hu\/#\/schema\/person\/2926fe5141a59e6530d8a411eb7bfb2d"},"breadcrumb":{"@id":"https:\/\/www.lengyelrobert.hu\/index.php\/2015\/01\/03\/2015-1-3-i-facebook-bejegyzes\/#breadcrumb"},"inLanguage":"hu","potentialAction":[{"@type":"ReadAction","target":["https:\/\/www.lengyelrobert.hu\/index.php\/2015\/01\/03\/2015-1-3-i-facebook-bejegyzes\/"]}]},{"@type":"BreadcrumbList","@id":"https:\/\/www.lengyelrobert.hu\/index.php\/2015\/01\/03\/2015-1-3-i-facebook-bejegyzes\/#breadcrumb","itemListElement":[{"@type":"ListItem","position":1,"name":"Home","item":"https:\/\/www.lengyelrobert.hu\/"},{"@type":"ListItem","position":2,"name":"2015.1.3-i Facebook bejegyz\u00e9s"}]},{"@type":"WebSite","@id":"https:\/\/www.lengyelrobert.hu\/#website","url":"https:\/\/www.lengyelrobert.hu\/","name":"dr. Lengyel R\u00f3bert","description":"A Becs\u00fclettel Si\u00f3fok\u00e9rt Egyes\u00fclet honlapja","potentialAction":[{"@type":"SearchAction","target":{"@type":"EntryPoint","urlTemplate":"https:\/\/www.lengyelrobert.hu\/?s={search_term_string}"},"query-input":{"@type":"PropertyValueSpecification","valueRequired":true,"valueName":"search_term_string"}}],"inLanguage":"hu"},{"@type":"Person","@id":"https:\/\/www.lengyelrobert.hu\/#\/schema\/person\/2926fe5141a59e6530d8a411eb7bfb2d","name":"webmaster","image":{"@type":"ImageObject","inLanguage":"hu","@id":"https:\/\/www.lengyelrobert.hu\/#\/schema\/person\/image\/","url":"https:\/\/secure.gravatar.com\/avatar\/d53f7fc01f188bb097ecc2caf950c777c2cdc1ec48a2d1726a8399a2188940b0?s=96&d=mm&r=g","contentUrl":"https:\/\/secure.gravatar.com\/avatar\/d53f7fc01f188bb097ecc2caf950c777c2cdc1ec48a2d1726a8399a2188940b0?s=96&d=mm&r=g","caption":"webmaster"},"sameAs":["https:\/\/www.lengyelrobert.hu"],"url":"https:\/\/www.lengyelrobert.hu\/index.php\/author\/webmaster\/"}]}},"_links":{"self":[{"href":"https:\/\/www.lengyelrobert.hu\/index.php\/wp-json\/wp\/v2\/posts\/3042","targetHints":{"allow":["GET"]}}],"collection":[{"href":"https:\/\/www.lengyelrobert.hu\/index.php\/wp-json\/wp\/v2\/posts"}],"about":[{"href":"https:\/\/www.lengyelrobert.hu\/index.php\/wp-json\/wp\/v2\/types\/post"}],"author":[{"embeddable":true,"href":"https:\/\/www.lengyelrobert.hu\/index.php\/wp-json\/wp\/v2\/users\/1"}],"replies":[{"embeddable":true,"href":"https:\/\/www.lengyelrobert.hu\/index.php\/wp-json\/wp\/v2\/comments?post=3042"}],"version-history":[{"count":0,"href":"https:\/\/www.lengyelrobert.hu\/index.php\/wp-json\/wp\/v2\/posts\/3042\/revisions"}],"wp:attachment":[{"href":"https:\/\/www.lengyelrobert.hu\/index.php\/wp-json\/wp\/v2\/media?parent=3042"}],"wp:term":[{"taxonomy":"category","embeddable":true,"href":"https:\/\/www.lengyelrobert.hu\/index.php\/wp-json\/wp\/v2\/categories?post=3042"},{"taxonomy":"post_tag","embeddable":true,"href":"https:\/\/www.lengyelrobert.hu\/index.php\/wp-json\/wp\/v2\/tags?post=3042"}],"curies":[{"name":"wp","href":"https:\/\/api.w.org\/{rel}","templated":true}]}}