{"id":3020,"date":"2015-02-10T18:12:40","date_gmt":"2015-02-10T18:12:40","guid":{"rendered":"https:\/\/www.lengyelrobert.hu\/2015\/02\/10\/2015-2-10-i-facebook-bejegyzes\/"},"modified":"2015-02-10T18:12:40","modified_gmt":"2015-02-10T18:12:40","slug":"2015-2-10-i-facebook-bejegyzes","status":"publish","type":"post","link":"https:\/\/www.lengyelrobert.hu\/index.php\/2015\/02\/10\/2015-2-10-i-facebook-bejegyzes\/","title":{"rendered":"2015.2.10-i Facebook bejegyz\u00e9s"},"content":{"rendered":"<p>Tisztelt H\u00f6lgyek, Urak! A mai napon megt\u00f6rt\u00e9nt az ez \u00e9vi k\u00f6lts\u00e9gvet\u00e9s els\u0151  olvasat\u00fa egyeztet\u00e9se, majd folyt.k\u00f6v. N\u00e9h\u00e1ny, a r\u00e9szemr\u0151l elhangzott  alapvet\u00e9s: kezdj\u00fck meg az id\u00e9n a csapad\u00e9kv\u00edz elvezet\u00e9s\u00e9nek megold\u00e1s\u00e1t a  leginkrimin\u00e1ltabb ter\u00fcleteken, majd az elk\u00f6vetkezend\u0151 \u00e9vekben, fokozatosan  csatlakoztassuk a rendszerre a kapcsol\u00f3d\u00f3 ter\u00fcleteket is. Nem norm\u00e1lis  dolog, hogy egy-egy kiad\u00f3sabb es\u0151 ut\u00e1n, emberek sz\u00e1zai t\u00e9rdig j\u00e1rj\u00e1k a  vizet otthonaik udvar\u00e1n, vagy \u00e9pp a lak\u00e1saikban. Ford\u00edtsunk a kor\u00e1bbiakhoz  k\u00e9pest kiemelt figyelmet az \u00f6nkorm\u00e1nyzati int\u00e9zm\u00e9nyekre (oktat\u00e1si \u00e9s  szoci\u00e1lis int\u00e9zm\u00e9nyek), mert amennyiben ezt elmulasztjuk, n\u00e9h\u00e1ny \u00e9ven bel\u00fcl  olyan \u00e1llapotok \u00e1llhatnak el\u0151, hogy egyszerre kell majd, irgalmatlan  \u00f6sszegeket az \u00e1llagmeg\u00f3v\u00e1sokra k\u00f6lten\u00fcnk, ezt ne v\u00e1rjuk meg. A kult\u00fara  fejleszt\u00e9s\u00e9nek els\u0151 l\u00e9p\u00e9sek\u00e9nt a kultur\u00e1lis k\u00f6zpont sz\u00ednh\u00e1zterm\u00e9nek  \u00fcl\u00e9s-cser\u00e9j\u00e9t v\u00e9geztess\u00fck el, mert b\u00e1r telt h\u00e1zas el\u0151ad\u00e1sok, rendezv\u00e9nyek  vannak, most m\u00e1r sorozatban \u00f6sszeroskadnak az \u00fcl\u00e9sek a vend\u00e9gek alatt.  (\u00c3\u008dgy nem v\u00e1rhatjuk a fizet\u0151k\u00e9pes k\u00f6z\u00f6ns\u00e9g t\u00f6megeit a j\u00f6v\u0151ben.)  Gondolkodjunk a helyi t\u00f6megk\u00f6zleked\u00e9s lehet\u0151s\u00e9geinek kiterjeszt\u00e9s\u00e9r\u0151l \u00e9s  seg\u00edts\u00fck el\u0151 a v\u00e1ros k\u00f6zbiztons\u00e1g\u00e1nak jav\u00edt\u00e1s\u00e1t. Az egyes v\u00e1laszt\u00f3k\u00f6rzetek  tekintet\u00e9ben, az \u00e9rintett k\u00e9pvisel\u0151k tesznek le javaslatokat a k\u00f6vetkez\u0151  \u00fcl\u00e9s alkalm\u00e1val. A feloszthat\u00f3 \u00f6sszeg adott, a saj\u00e1t k\u00f6rzeteik  priorit\u00e1saival a k\u00e9pvisel\u0151k tiszt\u00e1ban vannak, ossz\u00e1k sz\u00e9t, amit lehet.  Nyilv\u00e1n, az anyagi lehet\u0151s\u00e9gek v\u00e9gesek, mindenre nem juthat, de igyeksz\u00fcnk  a lehet\u0151 leghat\u00e9konyabban \u00e9s el\u0151re tekint\u0151en tervezni, ebben tudok  maxim\u00e1lisan partner lenni. Sz\u00e9p est\u00e9t k\u00edv\u00e1nok! Bar\u00e1ts\u00e1ggal: R.<\/p>\n","protected":false},"excerpt":{"rendered":"<p>Tisztelt H\u00f6lgyek, Urak! A mai napon megt\u00f6rt\u00e9nt az ez \u00e9vi k\u00f6lts\u00e9gvet\u00e9s els\u0151<br \/>\nolvasat\u00fa egyeztet\u00e9se, majd folyt.k\u00f6v. N\u00e9h\u00e1ny, a r\u00e9szemr\u0151l elhangzott<br \/>\nalapvet\u00e9s: kezdj\u00fck meg az id\u00e9n a csapad\u00e9kv\u00edz elvezet\u00e9s\u00e9nek megold\u00e1s\u00e1t a<br \/>\nleginkrimin\u00e1ltabb ter\u00fcleteken, majd az elk\u00f6vetkezend\u0151 \u00e9vekben, fokozatosan<br \/>\ncsatlakoztassuk a rendszerre a kapcsol\u00f3d\u00f3 ter\u00fcleteket is. Nem norm\u00e1lis<br \/>\ndolog, hogy egy-egy kiad\u00f3sabb es\u0151&#8230;<\/p>\n","protected":false},"author":1,"featured_media":0,"comment_status":"open","ping_status":"open","sticky":false,"template":"","format":"standard","meta":{"_acf_changed":false,"_et_pb_use_builder":"","_et_pb_old_content":"","_et_gb_content_width":"","footnotes":""},"categories":[1],"tags":[],"class_list":["post-3020","post","type-post","status-publish","format-standard","hentry","category-uncategorized"],"acf":[],"yoast_head":"<!-- This site is optimized with the Yoast SEO plugin v23.8 - https:\/\/yoast.com\/wordpress\/plugins\/seo\/ -->\n<title>2015.2.10-i Facebook bejegyz\u00e9s - dr. Lengyel R\u00f3bert<\/title>\n<meta name=\"robots\" content=\"index, follow, max-snippet:-1, max-image-preview:large, max-video-preview:-1\" \/>\n<link rel=\"canonical\" href=\"https:\/\/www.lengyelrobert.hu\/index.php\/2015\/02\/10\/2015-2-10-i-facebook-bejegyzes\/\" \/>\n<meta property=\"og:locale\" content=\"hu_HU\" \/>\n<meta property=\"og:type\" content=\"article\" \/>\n<meta property=\"og:title\" content=\"2015.2.10-i Facebook bejegyz\u00e9s - dr. Lengyel R\u00f3bert\" \/>\n<meta property=\"og:description\" content=\"Tisztelt H\u00f6lgyek, Urak! A mai napon megt\u00f6rt\u00e9nt az ez \u00e9vi k\u00f6lts\u00e9gvet\u00e9s els\u0151 olvasat\u00fa egyeztet\u00e9se, majd folyt.k\u00f6v. N\u00e9h\u00e1ny, a r\u00e9szemr\u0151l elhangzott alapvet\u00e9s: kezdj\u00fck meg az id\u00e9n a csapad\u00e9kv\u00edz elvezet\u00e9s\u00e9nek megold\u00e1s\u00e1t a leginkrimin\u00e1ltabb ter\u00fcleteken, majd az elk\u00f6vetkezend\u0151 \u00e9vekben, fokozatosan csatlakoztassuk a rendszerre a kapcsol\u00f3d\u00f3 ter\u00fcleteket is. Nem norm\u00e1lis dolog, hogy egy-egy kiad\u00f3sabb es\u0151...\" \/>\n<meta property=\"og:url\" content=\"https:\/\/www.lengyelrobert.hu\/index.php\/2015\/02\/10\/2015-2-10-i-facebook-bejegyzes\/\" \/>\n<meta property=\"og:site_name\" content=\"dr. Lengyel R\u00f3bert\" \/>\n<meta property=\"article:published_time\" content=\"2015-02-10T18:12:40+00:00\" \/>\n<meta name=\"author\" content=\"webmaster\" \/>\n<meta name=\"twitter:card\" content=\"summary_large_image\" \/>\n<meta name=\"twitter:label1\" content=\"Szerz\u0151:\" \/>\n\t<meta name=\"twitter:data1\" content=\"webmaster\" \/>\n\t<meta name=\"twitter:label2\" content=\"Becs\u00fclt olvas\u00e1si id\u0151\" \/>\n\t<meta name=\"twitter:data2\" content=\"2 perc\" \/>\n<script type=\"application\/ld+json\" class=\"yoast-schema-graph\">{\"@context\":\"https:\/\/schema.org\",\"@graph\":[{\"@type\":\"WebPage\",\"@id\":\"https:\/\/www.lengyelrobert.hu\/index.php\/2015\/02\/10\/2015-2-10-i-facebook-bejegyzes\/\",\"url\":\"https:\/\/www.lengyelrobert.hu\/index.php\/2015\/02\/10\/2015-2-10-i-facebook-bejegyzes\/\",\"name\":\"2015.2.10-i Facebook bejegyz\u00e9s - dr. Lengyel R\u00f3bert\",\"isPartOf\":{\"@id\":\"https:\/\/www.lengyelrobert.hu\/#website\"},\"datePublished\":\"2015-02-10T18:12:40+00:00\",\"dateModified\":\"2015-02-10T18:12:40+00:00\",\"author\":{\"@id\":\"https:\/\/www.lengyelrobert.hu\/#\/schema\/person\/2926fe5141a59e6530d8a411eb7bfb2d\"},\"breadcrumb\":{\"@id\":\"https:\/\/www.lengyelrobert.hu\/index.php\/2015\/02\/10\/2015-2-10-i-facebook-bejegyzes\/#breadcrumb\"},\"inLanguage\":\"hu\",\"potentialAction\":[{\"@type\":\"ReadAction\",\"target\":[\"https:\/\/www.lengyelrobert.hu\/index.php\/2015\/02\/10\/2015-2-10-i-facebook-bejegyzes\/\"]}]},{\"@type\":\"BreadcrumbList\",\"@id\":\"https:\/\/www.lengyelrobert.hu\/index.php\/2015\/02\/10\/2015-2-10-i-facebook-bejegyzes\/#breadcrumb\",\"itemListElement\":[{\"@type\":\"ListItem\",\"position\":1,\"name\":\"Home\",\"item\":\"https:\/\/www.lengyelrobert.hu\/\"},{\"@type\":\"ListItem\",\"position\":2,\"name\":\"2015.2.10-i Facebook bejegyz\u00e9s\"}]},{\"@type\":\"WebSite\",\"@id\":\"https:\/\/www.lengyelrobert.hu\/#website\",\"url\":\"https:\/\/www.lengyelrobert.hu\/\",\"name\":\"dr. Lengyel R\u00f3bert\",\"description\":\"A Becs\u00fclettel Si\u00f3fok\u00e9rt Egyes\u00fclet honlapja\",\"potentialAction\":[{\"@type\":\"SearchAction\",\"target\":{\"@type\":\"EntryPoint\",\"urlTemplate\":\"https:\/\/www.lengyelrobert.hu\/?s={search_term_string}\"},\"query-input\":{\"@type\":\"PropertyValueSpecification\",\"valueRequired\":true,\"valueName\":\"search_term_string\"}}],\"inLanguage\":\"hu\"},{\"@type\":\"Person\",\"@id\":\"https:\/\/www.lengyelrobert.hu\/#\/schema\/person\/2926fe5141a59e6530d8a411eb7bfb2d\",\"name\":\"webmaster\",\"image\":{\"@type\":\"ImageObject\",\"inLanguage\":\"hu\",\"@id\":\"https:\/\/www.lengyelrobert.hu\/#\/schema\/person\/image\/\",\"url\":\"https:\/\/secure.gravatar.com\/avatar\/d53f7fc01f188bb097ecc2caf950c777c2cdc1ec48a2d1726a8399a2188940b0?s=96&d=mm&r=g\",\"contentUrl\":\"https:\/\/secure.gravatar.com\/avatar\/d53f7fc01f188bb097ecc2caf950c777c2cdc1ec48a2d1726a8399a2188940b0?s=96&d=mm&r=g\",\"caption\":\"webmaster\"},\"sameAs\":[\"https:\/\/www.lengyelrobert.hu\"],\"url\":\"https:\/\/www.lengyelrobert.hu\/index.php\/author\/webmaster\/\"}]}<\/script>\n<!-- \/ Yoast SEO plugin. -->","yoast_head_json":{"title":"2015.2.10-i Facebook bejegyz\u00e9s - dr. Lengyel R\u00f3bert","robots":{"index":"index","follow":"follow","max-snippet":"max-snippet:-1","max-image-preview":"max-image-preview:large","max-video-preview":"max-video-preview:-1"},"canonical":"https:\/\/www.lengyelrobert.hu\/index.php\/2015\/02\/10\/2015-2-10-i-facebook-bejegyzes\/","og_locale":"hu_HU","og_type":"article","og_title":"2015.2.10-i Facebook bejegyz\u00e9s - dr. Lengyel R\u00f3bert","og_description":"Tisztelt H\u00f6lgyek, Urak! A mai napon megt\u00f6rt\u00e9nt az ez \u00e9vi k\u00f6lts\u00e9gvet\u00e9s els\u0151 olvasat\u00fa egyeztet\u00e9se, majd folyt.k\u00f6v. N\u00e9h\u00e1ny, a r\u00e9szemr\u0151l elhangzott alapvet\u00e9s: kezdj\u00fck meg az id\u00e9n a csapad\u00e9kv\u00edz elvezet\u00e9s\u00e9nek megold\u00e1s\u00e1t a leginkrimin\u00e1ltabb ter\u00fcleteken, majd az elk\u00f6vetkezend\u0151 \u00e9vekben, fokozatosan csatlakoztassuk a rendszerre a kapcsol\u00f3d\u00f3 ter\u00fcleteket is. Nem norm\u00e1lis dolog, hogy egy-egy kiad\u00f3sabb es\u0151...","og_url":"https:\/\/www.lengyelrobert.hu\/index.php\/2015\/02\/10\/2015-2-10-i-facebook-bejegyzes\/","og_site_name":"dr. Lengyel R\u00f3bert","article_published_time":"2015-02-10T18:12:40+00:00","author":"webmaster","twitter_card":"summary_large_image","twitter_misc":{"Szerz\u0151:":"webmaster","Becs\u00fclt olvas\u00e1si id\u0151":"2 perc"},"schema":{"@context":"https:\/\/schema.org","@graph":[{"@type":"WebPage","@id":"https:\/\/www.lengyelrobert.hu\/index.php\/2015\/02\/10\/2015-2-10-i-facebook-bejegyzes\/","url":"https:\/\/www.lengyelrobert.hu\/index.php\/2015\/02\/10\/2015-2-10-i-facebook-bejegyzes\/","name":"2015.2.10-i Facebook bejegyz\u00e9s - dr. Lengyel R\u00f3bert","isPartOf":{"@id":"https:\/\/www.lengyelrobert.hu\/#website"},"datePublished":"2015-02-10T18:12:40+00:00","dateModified":"2015-02-10T18:12:40+00:00","author":{"@id":"https:\/\/www.lengyelrobert.hu\/#\/schema\/person\/2926fe5141a59e6530d8a411eb7bfb2d"},"breadcrumb":{"@id":"https:\/\/www.lengyelrobert.hu\/index.php\/2015\/02\/10\/2015-2-10-i-facebook-bejegyzes\/#breadcrumb"},"inLanguage":"hu","potentialAction":[{"@type":"ReadAction","target":["https:\/\/www.lengyelrobert.hu\/index.php\/2015\/02\/10\/2015-2-10-i-facebook-bejegyzes\/"]}]},{"@type":"BreadcrumbList","@id":"https:\/\/www.lengyelrobert.hu\/index.php\/2015\/02\/10\/2015-2-10-i-facebook-bejegyzes\/#breadcrumb","itemListElement":[{"@type":"ListItem","position":1,"name":"Home","item":"https:\/\/www.lengyelrobert.hu\/"},{"@type":"ListItem","position":2,"name":"2015.2.10-i Facebook bejegyz\u00e9s"}]},{"@type":"WebSite","@id":"https:\/\/www.lengyelrobert.hu\/#website","url":"https:\/\/www.lengyelrobert.hu\/","name":"dr. Lengyel R\u00f3bert","description":"A Becs\u00fclettel Si\u00f3fok\u00e9rt Egyes\u00fclet honlapja","potentialAction":[{"@type":"SearchAction","target":{"@type":"EntryPoint","urlTemplate":"https:\/\/www.lengyelrobert.hu\/?s={search_term_string}"},"query-input":{"@type":"PropertyValueSpecification","valueRequired":true,"valueName":"search_term_string"}}],"inLanguage":"hu"},{"@type":"Person","@id":"https:\/\/www.lengyelrobert.hu\/#\/schema\/person\/2926fe5141a59e6530d8a411eb7bfb2d","name":"webmaster","image":{"@type":"ImageObject","inLanguage":"hu","@id":"https:\/\/www.lengyelrobert.hu\/#\/schema\/person\/image\/","url":"https:\/\/secure.gravatar.com\/avatar\/d53f7fc01f188bb097ecc2caf950c777c2cdc1ec48a2d1726a8399a2188940b0?s=96&d=mm&r=g","contentUrl":"https:\/\/secure.gravatar.com\/avatar\/d53f7fc01f188bb097ecc2caf950c777c2cdc1ec48a2d1726a8399a2188940b0?s=96&d=mm&r=g","caption":"webmaster"},"sameAs":["https:\/\/www.lengyelrobert.hu"],"url":"https:\/\/www.lengyelrobert.hu\/index.php\/author\/webmaster\/"}]}},"_links":{"self":[{"href":"https:\/\/www.lengyelrobert.hu\/index.php\/wp-json\/wp\/v2\/posts\/3020","targetHints":{"allow":["GET"]}}],"collection":[{"href":"https:\/\/www.lengyelrobert.hu\/index.php\/wp-json\/wp\/v2\/posts"}],"about":[{"href":"https:\/\/www.lengyelrobert.hu\/index.php\/wp-json\/wp\/v2\/types\/post"}],"author":[{"embeddable":true,"href":"https:\/\/www.lengyelrobert.hu\/index.php\/wp-json\/wp\/v2\/users\/1"}],"replies":[{"embeddable":true,"href":"https:\/\/www.lengyelrobert.hu\/index.php\/wp-json\/wp\/v2\/comments?post=3020"}],"version-history":[{"count":0,"href":"https:\/\/www.lengyelrobert.hu\/index.php\/wp-json\/wp\/v2\/posts\/3020\/revisions"}],"wp:attachment":[{"href":"https:\/\/www.lengyelrobert.hu\/index.php\/wp-json\/wp\/v2\/media?parent=3020"}],"wp:term":[{"taxonomy":"category","embeddable":true,"href":"https:\/\/www.lengyelrobert.hu\/index.php\/wp-json\/wp\/v2\/categories?post=3020"},{"taxonomy":"post_tag","embeddable":true,"href":"https:\/\/www.lengyelrobert.hu\/index.php\/wp-json\/wp\/v2\/tags?post=3020"}],"curies":[{"name":"wp","href":"https:\/\/api.w.org\/{rel}","templated":true}]}}