{"id":2996,"date":"2015-03-18T19:21:24","date_gmt":"2015-03-18T19:21:24","guid":{"rendered":"https:\/\/www.lengyelrobert.hu\/2015\/03\/18\/2015-3-18-i-facebook-bejegyzes\/"},"modified":"2015-03-18T19:21:24","modified_gmt":"2015-03-18T19:21:24","slug":"2015-3-18-i-facebook-bejegyzes","status":"publish","type":"post","link":"https:\/\/www.lengyelrobert.hu\/index.php\/2015\/03\/18\/2015-3-18-i-facebook-bejegyzes\/","title":{"rendered":"2015.3.18-i Facebook bejegyz\u00e9s"},"content":{"rendered":"<p>Sz\u00e9p est\u00e9t mindenkinek! Mindenek el\u0151tt k\u00f6sz\u00f6net mindazoknak, akik ma este  megtiszteltek jelenl\u00e9t\u00fckkel az el\u0151ad\u00e1somon a k\u00f6nyvt\u00e1rban. Full telth\u00e1z  volt, lassan kin\u0151j\u00fck a termet. 2-3 napon bel\u00fcl megkapom megv\u00e1gva a  r\u00f6gz\u00edtett felv\u00e9telt \u00e9s aki nem tudott elj\u00f6nni, de \u00e9rdekli a t\u00e9ma,  visszan\u00e9zheti majd. \u00c1prilisban folytatjuk, id\u0151ben jelzem majd az id\u0151pontot  \u00e9s az el\u0151ad\u00f3t is. Ha valaki bej\u00f6n a hivatalba, l\u00e1tni fogja, hogy a volt  polg\u00e1rmesterek portr\u00e9it levett\u00fck. Az ok egyszer\u0171: Moln\u00e1r \u00c1rp\u00e1d \u00far lev\u00e9lben  \u00e9rtes\u00edtett, hogy \u00e1tgondolta a dolgot, szeretn\u00e9 ha m\u00e9gsem lenne kint a k\u00e9pe.  \u00c3\u008dgy viszont mindkett\u0151t levett\u00fck \u00e9s az el\u0151z\u0151, valamint az azt megel\u0151z\u0151  test\u00fcletek tabl\u00f3i ker\u00fcltek ki. V\u00e9g\u00fcl szeretn\u00e9m t\u00e1j\u00e9koztatni a k\u00f6zv\u00e9lem\u00e9nyt,  hogy a &#8220;kukad\u00edjas n\u00e9vsor&#8221; \u00fcgy\u00e9ben a rend\u0151rs\u00e9g \u00e9rtes\u00edtett, hogy jelent\u0151s  \u00e9rt\u00e9kre elk\u00f6vetett h\u0171tlen kezel\u00e9s gyan\u00faj\u00e1val, elrendelte a nyomoz\u00e1st, azaz  megalapozottnak tal\u00e1lta a gyan\u00fat. V\u00e9gs\u0151 soron arra keresik a v\u00e1laszt, hogy  milyen alapon \u00e9s szem\u00e9lyileg ki, kik d\u00f6nt\u00f6ttek a kedvezm\u00e9ny biztos\u00edt\u00e1s\u00e1r\u00f3l.  Tegnap eg\u00e9sz d\u00e9lel\u0151tt a NAV nyomoz\u00f3ja hallgatott ki feljelent\u0151k\u00e9nt, egy  m\u00e1sik \u00fcgyben. K\u00edv\u00e1ncsian v\u00e1rom magam is fejlem\u00e9nyeket. Bar\u00e1ts\u00e1ggal: R.<\/p>\n","protected":false},"excerpt":{"rendered":"<p>Sz\u00e9p est\u00e9t mindenkinek! Mindenek el\u0151tt k\u00f6sz\u00f6net mindazoknak, akik ma este<br \/>\nmegtiszteltek jelenl\u00e9t\u00fckkel az el\u0151ad\u00e1somon a k\u00f6nyvt\u00e1rban. Full telth\u00e1z<br \/>\nvolt, lassan kin\u0151j\u00fck a termet. 2-3 napon bel\u00fcl megkapom megv\u00e1gva a<br \/>\nr\u00f6gz\u00edtett felv\u00e9telt \u00e9s aki nem tudott elj\u00f6nni, de \u00e9rdekli a t\u00e9ma,<br \/>\nvisszan\u00e9zheti majd. \u00c1prilisban folytatjuk, id\u0151ben jelzem majd az id\u0151pontot<br \/>\n\u00e9s az el\u0151ad\u00f3t is. Ha valaki bej\u00f6n a hivata&#8230;<\/p>\n","protected":false},"author":1,"featured_media":0,"comment_status":"open","ping_status":"open","sticky":false,"template":"","format":"standard","meta":{"_acf_changed":false,"_et_pb_use_builder":"","_et_pb_old_content":"","_et_gb_content_width":"","footnotes":""},"categories":[1],"tags":[],"class_list":["post-2996","post","type-post","status-publish","format-standard","hentry","category-uncategorized"],"acf":[],"yoast_head":"<!-- This site is optimized with the Yoast SEO plugin v23.8 - https:\/\/yoast.com\/wordpress\/plugins\/seo\/ -->\n<title>2015.3.18-i Facebook bejegyz\u00e9s - dr. Lengyel R\u00f3bert<\/title>\n<meta name=\"robots\" content=\"index, follow, max-snippet:-1, max-image-preview:large, max-video-preview:-1\" \/>\n<link rel=\"canonical\" href=\"https:\/\/www.lengyelrobert.hu\/index.php\/2015\/03\/18\/2015-3-18-i-facebook-bejegyzes\/\" \/>\n<meta property=\"og:locale\" content=\"hu_HU\" \/>\n<meta property=\"og:type\" content=\"article\" \/>\n<meta property=\"og:title\" content=\"2015.3.18-i Facebook bejegyz\u00e9s - dr. Lengyel R\u00f3bert\" \/>\n<meta property=\"og:description\" content=\"Sz\u00e9p est\u00e9t mindenkinek! Mindenek el\u0151tt k\u00f6sz\u00f6net mindazoknak, akik ma este megtiszteltek jelenl\u00e9t\u00fckkel az el\u0151ad\u00e1somon a k\u00f6nyvt\u00e1rban. Full telth\u00e1z volt, lassan kin\u0151j\u00fck a termet. 2-3 napon bel\u00fcl megkapom megv\u00e1gva a r\u00f6gz\u00edtett felv\u00e9telt \u00e9s aki nem tudott elj\u00f6nni, de \u00e9rdekli a t\u00e9ma, visszan\u00e9zheti majd. \u00c1prilisban folytatjuk, id\u0151ben jelzem majd az id\u0151pontot \u00e9s az el\u0151ad\u00f3t is. Ha valaki bej\u00f6n a hivata...\" \/>\n<meta property=\"og:url\" content=\"https:\/\/www.lengyelrobert.hu\/index.php\/2015\/03\/18\/2015-3-18-i-facebook-bejegyzes\/\" \/>\n<meta property=\"og:site_name\" content=\"dr. Lengyel R\u00f3bert\" \/>\n<meta property=\"article:published_time\" content=\"2015-03-18T19:21:24+00:00\" \/>\n<meta name=\"author\" content=\"webmaster\" \/>\n<meta name=\"twitter:card\" content=\"summary_large_image\" \/>\n<meta name=\"twitter:label1\" content=\"Szerz\u0151:\" \/>\n\t<meta name=\"twitter:data1\" content=\"webmaster\" \/>\n\t<meta name=\"twitter:label2\" content=\"Becs\u00fclt olvas\u00e1si id\u0151\" \/>\n\t<meta name=\"twitter:data2\" content=\"1 perc\" \/>\n<script type=\"application\/ld+json\" class=\"yoast-schema-graph\">{\"@context\":\"https:\/\/schema.org\",\"@graph\":[{\"@type\":\"WebPage\",\"@id\":\"https:\/\/www.lengyelrobert.hu\/index.php\/2015\/03\/18\/2015-3-18-i-facebook-bejegyzes\/\",\"url\":\"https:\/\/www.lengyelrobert.hu\/index.php\/2015\/03\/18\/2015-3-18-i-facebook-bejegyzes\/\",\"name\":\"2015.3.18-i Facebook bejegyz\u00e9s - dr. Lengyel R\u00f3bert\",\"isPartOf\":{\"@id\":\"https:\/\/www.lengyelrobert.hu\/#website\"},\"datePublished\":\"2015-03-18T19:21:24+00:00\",\"dateModified\":\"2015-03-18T19:21:24+00:00\",\"author\":{\"@id\":\"https:\/\/www.lengyelrobert.hu\/#\/schema\/person\/2926fe5141a59e6530d8a411eb7bfb2d\"},\"breadcrumb\":{\"@id\":\"https:\/\/www.lengyelrobert.hu\/index.php\/2015\/03\/18\/2015-3-18-i-facebook-bejegyzes\/#breadcrumb\"},\"inLanguage\":\"hu\",\"potentialAction\":[{\"@type\":\"ReadAction\",\"target\":[\"https:\/\/www.lengyelrobert.hu\/index.php\/2015\/03\/18\/2015-3-18-i-facebook-bejegyzes\/\"]}]},{\"@type\":\"BreadcrumbList\",\"@id\":\"https:\/\/www.lengyelrobert.hu\/index.php\/2015\/03\/18\/2015-3-18-i-facebook-bejegyzes\/#breadcrumb\",\"itemListElement\":[{\"@type\":\"ListItem\",\"position\":1,\"name\":\"Home\",\"item\":\"https:\/\/www.lengyelrobert.hu\/\"},{\"@type\":\"ListItem\",\"position\":2,\"name\":\"2015.3.18-i Facebook bejegyz\u00e9s\"}]},{\"@type\":\"WebSite\",\"@id\":\"https:\/\/www.lengyelrobert.hu\/#website\",\"url\":\"https:\/\/www.lengyelrobert.hu\/\",\"name\":\"dr. Lengyel R\u00f3bert\",\"description\":\"A Becs\u00fclettel Si\u00f3fok\u00e9rt Egyes\u00fclet honlapja\",\"potentialAction\":[{\"@type\":\"SearchAction\",\"target\":{\"@type\":\"EntryPoint\",\"urlTemplate\":\"https:\/\/www.lengyelrobert.hu\/?s={search_term_string}\"},\"query-input\":{\"@type\":\"PropertyValueSpecification\",\"valueRequired\":true,\"valueName\":\"search_term_string\"}}],\"inLanguage\":\"hu\"},{\"@type\":\"Person\",\"@id\":\"https:\/\/www.lengyelrobert.hu\/#\/schema\/person\/2926fe5141a59e6530d8a411eb7bfb2d\",\"name\":\"webmaster\",\"image\":{\"@type\":\"ImageObject\",\"inLanguage\":\"hu\",\"@id\":\"https:\/\/www.lengyelrobert.hu\/#\/schema\/person\/image\/\",\"url\":\"https:\/\/secure.gravatar.com\/avatar\/d53f7fc01f188bb097ecc2caf950c777c2cdc1ec48a2d1726a8399a2188940b0?s=96&d=mm&r=g\",\"contentUrl\":\"https:\/\/secure.gravatar.com\/avatar\/d53f7fc01f188bb097ecc2caf950c777c2cdc1ec48a2d1726a8399a2188940b0?s=96&d=mm&r=g\",\"caption\":\"webmaster\"},\"sameAs\":[\"https:\/\/www.lengyelrobert.hu\"],\"url\":\"https:\/\/www.lengyelrobert.hu\/index.php\/author\/webmaster\/\"}]}<\/script>\n<!-- \/ Yoast SEO plugin. -->","yoast_head_json":{"title":"2015.3.18-i Facebook bejegyz\u00e9s - dr. Lengyel R\u00f3bert","robots":{"index":"index","follow":"follow","max-snippet":"max-snippet:-1","max-image-preview":"max-image-preview:large","max-video-preview":"max-video-preview:-1"},"canonical":"https:\/\/www.lengyelrobert.hu\/index.php\/2015\/03\/18\/2015-3-18-i-facebook-bejegyzes\/","og_locale":"hu_HU","og_type":"article","og_title":"2015.3.18-i Facebook bejegyz\u00e9s - dr. Lengyel R\u00f3bert","og_description":"Sz\u00e9p est\u00e9t mindenkinek! Mindenek el\u0151tt k\u00f6sz\u00f6net mindazoknak, akik ma este megtiszteltek jelenl\u00e9t\u00fckkel az el\u0151ad\u00e1somon a k\u00f6nyvt\u00e1rban. Full telth\u00e1z volt, lassan kin\u0151j\u00fck a termet. 2-3 napon bel\u00fcl megkapom megv\u00e1gva a r\u00f6gz\u00edtett felv\u00e9telt \u00e9s aki nem tudott elj\u00f6nni, de \u00e9rdekli a t\u00e9ma, visszan\u00e9zheti majd. \u00c1prilisban folytatjuk, id\u0151ben jelzem majd az id\u0151pontot \u00e9s az el\u0151ad\u00f3t is. Ha valaki bej\u00f6n a hivata...","og_url":"https:\/\/www.lengyelrobert.hu\/index.php\/2015\/03\/18\/2015-3-18-i-facebook-bejegyzes\/","og_site_name":"dr. Lengyel R\u00f3bert","article_published_time":"2015-03-18T19:21:24+00:00","author":"webmaster","twitter_card":"summary_large_image","twitter_misc":{"Szerz\u0151:":"webmaster","Becs\u00fclt olvas\u00e1si id\u0151":"1 perc"},"schema":{"@context":"https:\/\/schema.org","@graph":[{"@type":"WebPage","@id":"https:\/\/www.lengyelrobert.hu\/index.php\/2015\/03\/18\/2015-3-18-i-facebook-bejegyzes\/","url":"https:\/\/www.lengyelrobert.hu\/index.php\/2015\/03\/18\/2015-3-18-i-facebook-bejegyzes\/","name":"2015.3.18-i Facebook bejegyz\u00e9s - dr. Lengyel R\u00f3bert","isPartOf":{"@id":"https:\/\/www.lengyelrobert.hu\/#website"},"datePublished":"2015-03-18T19:21:24+00:00","dateModified":"2015-03-18T19:21:24+00:00","author":{"@id":"https:\/\/www.lengyelrobert.hu\/#\/schema\/person\/2926fe5141a59e6530d8a411eb7bfb2d"},"breadcrumb":{"@id":"https:\/\/www.lengyelrobert.hu\/index.php\/2015\/03\/18\/2015-3-18-i-facebook-bejegyzes\/#breadcrumb"},"inLanguage":"hu","potentialAction":[{"@type":"ReadAction","target":["https:\/\/www.lengyelrobert.hu\/index.php\/2015\/03\/18\/2015-3-18-i-facebook-bejegyzes\/"]}]},{"@type":"BreadcrumbList","@id":"https:\/\/www.lengyelrobert.hu\/index.php\/2015\/03\/18\/2015-3-18-i-facebook-bejegyzes\/#breadcrumb","itemListElement":[{"@type":"ListItem","position":1,"name":"Home","item":"https:\/\/www.lengyelrobert.hu\/"},{"@type":"ListItem","position":2,"name":"2015.3.18-i Facebook bejegyz\u00e9s"}]},{"@type":"WebSite","@id":"https:\/\/www.lengyelrobert.hu\/#website","url":"https:\/\/www.lengyelrobert.hu\/","name":"dr. Lengyel R\u00f3bert","description":"A Becs\u00fclettel Si\u00f3fok\u00e9rt Egyes\u00fclet honlapja","potentialAction":[{"@type":"SearchAction","target":{"@type":"EntryPoint","urlTemplate":"https:\/\/www.lengyelrobert.hu\/?s={search_term_string}"},"query-input":{"@type":"PropertyValueSpecification","valueRequired":true,"valueName":"search_term_string"}}],"inLanguage":"hu"},{"@type":"Person","@id":"https:\/\/www.lengyelrobert.hu\/#\/schema\/person\/2926fe5141a59e6530d8a411eb7bfb2d","name":"webmaster","image":{"@type":"ImageObject","inLanguage":"hu","@id":"https:\/\/www.lengyelrobert.hu\/#\/schema\/person\/image\/","url":"https:\/\/secure.gravatar.com\/avatar\/d53f7fc01f188bb097ecc2caf950c777c2cdc1ec48a2d1726a8399a2188940b0?s=96&d=mm&r=g","contentUrl":"https:\/\/secure.gravatar.com\/avatar\/d53f7fc01f188bb097ecc2caf950c777c2cdc1ec48a2d1726a8399a2188940b0?s=96&d=mm&r=g","caption":"webmaster"},"sameAs":["https:\/\/www.lengyelrobert.hu"],"url":"https:\/\/www.lengyelrobert.hu\/index.php\/author\/webmaster\/"}]}},"_links":{"self":[{"href":"https:\/\/www.lengyelrobert.hu\/index.php\/wp-json\/wp\/v2\/posts\/2996","targetHints":{"allow":["GET"]}}],"collection":[{"href":"https:\/\/www.lengyelrobert.hu\/index.php\/wp-json\/wp\/v2\/posts"}],"about":[{"href":"https:\/\/www.lengyelrobert.hu\/index.php\/wp-json\/wp\/v2\/types\/post"}],"author":[{"embeddable":true,"href":"https:\/\/www.lengyelrobert.hu\/index.php\/wp-json\/wp\/v2\/users\/1"}],"replies":[{"embeddable":true,"href":"https:\/\/www.lengyelrobert.hu\/index.php\/wp-json\/wp\/v2\/comments?post=2996"}],"version-history":[{"count":0,"href":"https:\/\/www.lengyelrobert.hu\/index.php\/wp-json\/wp\/v2\/posts\/2996\/revisions"}],"wp:attachment":[{"href":"https:\/\/www.lengyelrobert.hu\/index.php\/wp-json\/wp\/v2\/media?parent=2996"}],"wp:term":[{"taxonomy":"category","embeddable":true,"href":"https:\/\/www.lengyelrobert.hu\/index.php\/wp-json\/wp\/v2\/categories?post=2996"},{"taxonomy":"post_tag","embeddable":true,"href":"https:\/\/www.lengyelrobert.hu\/index.php\/wp-json\/wp\/v2\/tags?post=2996"}],"curies":[{"name":"wp","href":"https:\/\/api.w.org\/{rel}","templated":true}]}}