{"id":2986,"date":"2015-04-13T17:51:37","date_gmt":"2015-04-13T17:51:37","guid":{"rendered":"https:\/\/www.lengyelrobert.hu\/2015\/04\/13\/2015-4-13-i-facebook-bejegyzes\/"},"modified":"2015-04-13T17:51:37","modified_gmt":"2015-04-13T17:51:37","slug":"2015-4-13-i-facebook-bejegyzes","status":"publish","type":"post","link":"https:\/\/www.lengyelrobert.hu\/index.php\/2015\/04\/13\/2015-4-13-i-facebook-bejegyzes\/","title":{"rendered":"2015.4.13-i Facebook bejegyz\u00e9s"},"content":{"rendered":"<p>Sz\u00e9p h\u00e9tf\u0151 est\u00e9t mindenkinek! A k\u00f6vetkez\u0151 nyugd\u00edjas akad\u00e9miai el\u0151ad\u00e1ssal  kapcsolatosan t\u00f6bben k\u00e9rdezik, hogy csak nyugd\u00edjasok mehetnek-e? Kor\u00e1bban  is jeleztem, hogy sz\u00f3 sincs r\u00f3la, b\u00e1rki j\u00f6het. Ingyenes \u00e9s nyilv\u00e1nos. A  soron k\u00f6vetkez\u0151re (csak eml\u00e9keztet\u0151\u00fcl: egy ismert gyilkoss\u00e1gi nyomoz\u00f3  tartja majd, magyarorsz\u00e1gi elh\u00edres\u00fclt gyilkoss\u00e1gokr\u00f3l, 27-\u00e9n, 17.00 \u00f3r\u00e1t\u00f3l)  hatalmas \u00e9rdekl\u0151d\u00e9s mutatkozik, m\u00e9g az is lehet, hogy a sz\u00ednh\u00e1zterembe kell  majd \u00e1tvinn\u00fcnk. \u00c9rtes\u00fcltem arr\u00f3l, hogy 19-\u00e9n 16 \u00f3r\u00e1t\u00f3l, a si\u00f3foki F\u0151 t\u00e9ren  demonstr\u00e1ci\u00f3t szerveznek a korrupci\u00f3 ellen. Ez a demonstr\u00e1ci\u00f3 az orsz\u00e1gos  korrupci\u00f3 ellenes naphoz val\u00f3 csatlakoz\u00e1s lesz. Mit is \u00edrhatn\u00e9k erre? Hogy  nem \u00e9rtek vele egyet? Hogyne \u00e9rten\u00e9k! M\u00e1sr\u00f3l sem sz\u00f3lnak az orsz\u00e1gos h\u00edrek  \u00e9s m\u00e1sr\u00f3l sem suttog a v\u00e1ros, mint korrupci\u00f3s \u00f6sszefon\u00f3d\u00e1sokr\u00f3l, ilyen  jelleg\u0171 sejt\u00e9sekr\u0151l, szem\u00e9lyes tapasztalatokr\u00f3l. A kamp\u00e1nyban azt \u00edg\u00e9rtem,  hogy a korrupci\u00f3 cs\u00edr\u00e1j\u00e1t is irtani k\u00edv\u00e1nom. Nem gondolom ezt most sem  m\u00e1sk\u00e9nt. \u00c9s ha valakik ez ellen emelnek hangot \u00e9s erre -nem mellesleg- van  erk\u00f6lcsi alapjuk is, akkor egyet\u00e9rtek vel\u00fck \u00e9s t\u00e1mogatom \u0151ket, legyenek  ak\u00e1r jobb vagy baloldaliak, ak\u00e1r f\u00fcggetlenek, nem az a l\u00e9nyeg. Ma azt  k\u00e9rdezt\u00e9k t\u0151lem, hogy val\u00f3ban kirobbant-e k\u00f6ztem \u00e9s Bal\u00e1zs \u00c1rp\u00e1d k\u00f6z\u00f6tt a  h\u00e1bor\u00fa. Ennek el\u0151zm\u00e9nye, hogy el\u0151d\u00f6m nagy nyilv\u00e1noss\u00e1g el\u0151tt jelentette be,  hogy felk\u00edv\u00e1n jelenteni r\u00e1galmaz\u00e1s\u00e9rt. Ez sz\u00edve joga, hisz akkor, ott \u00e9s  annyiszor jelent fel amikor, ahol \u00e9s ah\u00e1nyszor akar. Ez h\u00e1bor\u00fa? Nekem err\u0151l  eg\u00e9szen m\u00e1s jut eszembe, de ink\u00e1bb magamban tartom, mert volt gyerekszob\u00e1m.  \u00c9s term\u00e9szetesen, ez nem ijeszt meg, nem t\u00e1ntor\u00edt el \u00e9s nem befoly\u00e1solja a  tov\u00e1bbi t\u00e9nyked\u00e9semet sem. S\u0151t, er\u0151t ad, elsz\u00e1ntabb\u00e1 tesz \u00e9s legal\u00e1bb  tudom, mire is sz\u00e1m\u00edthatok. Sz\u00f3val tiszta lelkiismerettel \u00e9s tiszta  kezekkel teszem a dolgom tov\u00e1bb. Mert egyebek mellett, ez\u00e9rt (is)  v\u00e1lasztottak engem a si\u00f3fokiak. Sz\u00f3val nincs h\u00e1bor\u00fa. Nincs id\u0151m h\u00e1bor\u00fazni,  mert van el\u00e9g dolgom h\u00e1bor\u00fa n\u00e9lk\u00fcl is, maradt mit rendbe tenni \u00e9s k\u00f6zben a  j\u00f6v\u0151t is kell \u00e9p\u00edteni&#8230; Ma \u00e9rdekes levelet kaptam. A lev\u00e9l \u00edr\u00f3ja arra k\u00e9r,  hogy a k\u00e9zilabda ut\u00e1np\u00f3tl\u00e1st is t\u00e1mogassa 50 milli\u00f3 forinttal a v\u00e1ros. Majd  megv\u00e1laszolom. Bar\u00e1ts\u00e1ggal: R.<\/p>\n","protected":false},"excerpt":{"rendered":"<p>Sz\u00e9p h\u00e9tf\u0151 est\u00e9t mindenkinek! A k\u00f6vetkez\u0151 nyugd\u00edjas akad\u00e9miai el\u0151ad\u00e1ssal<br \/>\nkapcsolatosan t\u00f6bben k\u00e9rdezik, hogy csak nyugd\u00edjasok mehetnek-e? Kor\u00e1bban<br \/>\nis jeleztem, hogy sz\u00f3 sincs r\u00f3la, b\u00e1rki j\u00f6het. Ingyenes \u00e9s nyilv\u00e1nos. A<br \/>\nsoron k\u00f6vetkez\u0151re (csak eml\u00e9keztet\u0151\u00fcl: egy ismert gyilkoss\u00e1gi nyomoz\u00f3<br \/>\ntartja majd, magyarorsz\u00e1gi elh\u00edres\u00fclt gyilkoss\u00e1gokr\u00f3l, 27-\u00e9n, 17.00 \u00f3r\u00e1t\u00f3l)<br \/>\nhatalmas \u00e9rdekl\u0151d\u00e9s mutatkozik&#8230;<\/p>\n","protected":false},"author":1,"featured_media":0,"comment_status":"open","ping_status":"open","sticky":false,"template":"","format":"standard","meta":{"_acf_changed":false,"_et_pb_use_builder":"","_et_pb_old_content":"","_et_gb_content_width":"","footnotes":""},"categories":[1],"tags":[],"class_list":["post-2986","post","type-post","status-publish","format-standard","hentry","category-uncategorized"],"acf":[],"yoast_head":"<!-- This site is optimized with the Yoast SEO plugin v23.8 - https:\/\/yoast.com\/wordpress\/plugins\/seo\/ -->\n<title>2015.4.13-i Facebook bejegyz\u00e9s - dr. Lengyel R\u00f3bert<\/title>\n<meta name=\"robots\" content=\"index, follow, max-snippet:-1, max-image-preview:large, max-video-preview:-1\" \/>\n<link rel=\"canonical\" href=\"https:\/\/www.lengyelrobert.hu\/index.php\/2015\/04\/13\/2015-4-13-i-facebook-bejegyzes\/\" \/>\n<meta property=\"og:locale\" content=\"hu_HU\" \/>\n<meta property=\"og:type\" content=\"article\" \/>\n<meta property=\"og:title\" content=\"2015.4.13-i Facebook bejegyz\u00e9s - dr. Lengyel R\u00f3bert\" \/>\n<meta property=\"og:description\" content=\"Sz\u00e9p h\u00e9tf\u0151 est\u00e9t mindenkinek! A k\u00f6vetkez\u0151 nyugd\u00edjas akad\u00e9miai el\u0151ad\u00e1ssal kapcsolatosan t\u00f6bben k\u00e9rdezik, hogy csak nyugd\u00edjasok mehetnek-e? Kor\u00e1bban is jeleztem, hogy sz\u00f3 sincs r\u00f3la, b\u00e1rki j\u00f6het. Ingyenes \u00e9s nyilv\u00e1nos. A soron k\u00f6vetkez\u0151re (csak eml\u00e9keztet\u0151\u00fcl: egy ismert gyilkoss\u00e1gi nyomoz\u00f3 tartja majd, magyarorsz\u00e1gi elh\u00edres\u00fclt gyilkoss\u00e1gokr\u00f3l, 27-\u00e9n, 17.00 \u00f3r\u00e1t\u00f3l) hatalmas \u00e9rdekl\u0151d\u00e9s mutatkozik...\" \/>\n<meta property=\"og:url\" content=\"https:\/\/www.lengyelrobert.hu\/index.php\/2015\/04\/13\/2015-4-13-i-facebook-bejegyzes\/\" \/>\n<meta property=\"og:site_name\" content=\"dr. Lengyel R\u00f3bert\" \/>\n<meta property=\"article:published_time\" content=\"2015-04-13T17:51:37+00:00\" \/>\n<meta name=\"author\" content=\"webmaster\" \/>\n<meta name=\"twitter:card\" content=\"summary_large_image\" \/>\n<meta name=\"twitter:label1\" content=\"Szerz\u0151:\" \/>\n\t<meta name=\"twitter:data1\" content=\"webmaster\" \/>\n\t<meta name=\"twitter:label2\" content=\"Becs\u00fclt olvas\u00e1si id\u0151\" \/>\n\t<meta name=\"twitter:data2\" content=\"2 perc\" \/>\n<script type=\"application\/ld+json\" class=\"yoast-schema-graph\">{\"@context\":\"https:\/\/schema.org\",\"@graph\":[{\"@type\":\"WebPage\",\"@id\":\"https:\/\/www.lengyelrobert.hu\/index.php\/2015\/04\/13\/2015-4-13-i-facebook-bejegyzes\/\",\"url\":\"https:\/\/www.lengyelrobert.hu\/index.php\/2015\/04\/13\/2015-4-13-i-facebook-bejegyzes\/\",\"name\":\"2015.4.13-i Facebook bejegyz\u00e9s - dr. Lengyel R\u00f3bert\",\"isPartOf\":{\"@id\":\"https:\/\/www.lengyelrobert.hu\/#website\"},\"datePublished\":\"2015-04-13T17:51:37+00:00\",\"dateModified\":\"2015-04-13T17:51:37+00:00\",\"author\":{\"@id\":\"https:\/\/www.lengyelrobert.hu\/#\/schema\/person\/2926fe5141a59e6530d8a411eb7bfb2d\"},\"breadcrumb\":{\"@id\":\"https:\/\/www.lengyelrobert.hu\/index.php\/2015\/04\/13\/2015-4-13-i-facebook-bejegyzes\/#breadcrumb\"},\"inLanguage\":\"hu\",\"potentialAction\":[{\"@type\":\"ReadAction\",\"target\":[\"https:\/\/www.lengyelrobert.hu\/index.php\/2015\/04\/13\/2015-4-13-i-facebook-bejegyzes\/\"]}]},{\"@type\":\"BreadcrumbList\",\"@id\":\"https:\/\/www.lengyelrobert.hu\/index.php\/2015\/04\/13\/2015-4-13-i-facebook-bejegyzes\/#breadcrumb\",\"itemListElement\":[{\"@type\":\"ListItem\",\"position\":1,\"name\":\"Home\",\"item\":\"https:\/\/www.lengyelrobert.hu\/\"},{\"@type\":\"ListItem\",\"position\":2,\"name\":\"2015.4.13-i Facebook bejegyz\u00e9s\"}]},{\"@type\":\"WebSite\",\"@id\":\"https:\/\/www.lengyelrobert.hu\/#website\",\"url\":\"https:\/\/www.lengyelrobert.hu\/\",\"name\":\"dr. Lengyel R\u00f3bert\",\"description\":\"A Becs\u00fclettel Si\u00f3fok\u00e9rt Egyes\u00fclet honlapja\",\"potentialAction\":[{\"@type\":\"SearchAction\",\"target\":{\"@type\":\"EntryPoint\",\"urlTemplate\":\"https:\/\/www.lengyelrobert.hu\/?s={search_term_string}\"},\"query-input\":{\"@type\":\"PropertyValueSpecification\",\"valueRequired\":true,\"valueName\":\"search_term_string\"}}],\"inLanguage\":\"hu\"},{\"@type\":\"Person\",\"@id\":\"https:\/\/www.lengyelrobert.hu\/#\/schema\/person\/2926fe5141a59e6530d8a411eb7bfb2d\",\"name\":\"webmaster\",\"image\":{\"@type\":\"ImageObject\",\"inLanguage\":\"hu\",\"@id\":\"https:\/\/www.lengyelrobert.hu\/#\/schema\/person\/image\/\",\"url\":\"https:\/\/secure.gravatar.com\/avatar\/d53f7fc01f188bb097ecc2caf950c777c2cdc1ec48a2d1726a8399a2188940b0?s=96&d=mm&r=g\",\"contentUrl\":\"https:\/\/secure.gravatar.com\/avatar\/d53f7fc01f188bb097ecc2caf950c777c2cdc1ec48a2d1726a8399a2188940b0?s=96&d=mm&r=g\",\"caption\":\"webmaster\"},\"sameAs\":[\"https:\/\/www.lengyelrobert.hu\"],\"url\":\"https:\/\/www.lengyelrobert.hu\/index.php\/author\/webmaster\/\"}]}<\/script>\n<!-- \/ Yoast SEO plugin. -->","yoast_head_json":{"title":"2015.4.13-i Facebook bejegyz\u00e9s - dr. Lengyel R\u00f3bert","robots":{"index":"index","follow":"follow","max-snippet":"max-snippet:-1","max-image-preview":"max-image-preview:large","max-video-preview":"max-video-preview:-1"},"canonical":"https:\/\/www.lengyelrobert.hu\/index.php\/2015\/04\/13\/2015-4-13-i-facebook-bejegyzes\/","og_locale":"hu_HU","og_type":"article","og_title":"2015.4.13-i Facebook bejegyz\u00e9s - dr. Lengyel R\u00f3bert","og_description":"Sz\u00e9p h\u00e9tf\u0151 est\u00e9t mindenkinek! A k\u00f6vetkez\u0151 nyugd\u00edjas akad\u00e9miai el\u0151ad\u00e1ssal kapcsolatosan t\u00f6bben k\u00e9rdezik, hogy csak nyugd\u00edjasok mehetnek-e? Kor\u00e1bban is jeleztem, hogy sz\u00f3 sincs r\u00f3la, b\u00e1rki j\u00f6het. Ingyenes \u00e9s nyilv\u00e1nos. A soron k\u00f6vetkez\u0151re (csak eml\u00e9keztet\u0151\u00fcl: egy ismert gyilkoss\u00e1gi nyomoz\u00f3 tartja majd, magyarorsz\u00e1gi elh\u00edres\u00fclt gyilkoss\u00e1gokr\u00f3l, 27-\u00e9n, 17.00 \u00f3r\u00e1t\u00f3l) hatalmas \u00e9rdekl\u0151d\u00e9s mutatkozik...","og_url":"https:\/\/www.lengyelrobert.hu\/index.php\/2015\/04\/13\/2015-4-13-i-facebook-bejegyzes\/","og_site_name":"dr. Lengyel R\u00f3bert","article_published_time":"2015-04-13T17:51:37+00:00","author":"webmaster","twitter_card":"summary_large_image","twitter_misc":{"Szerz\u0151:":"webmaster","Becs\u00fclt olvas\u00e1si id\u0151":"2 perc"},"schema":{"@context":"https:\/\/schema.org","@graph":[{"@type":"WebPage","@id":"https:\/\/www.lengyelrobert.hu\/index.php\/2015\/04\/13\/2015-4-13-i-facebook-bejegyzes\/","url":"https:\/\/www.lengyelrobert.hu\/index.php\/2015\/04\/13\/2015-4-13-i-facebook-bejegyzes\/","name":"2015.4.13-i Facebook bejegyz\u00e9s - dr. Lengyel R\u00f3bert","isPartOf":{"@id":"https:\/\/www.lengyelrobert.hu\/#website"},"datePublished":"2015-04-13T17:51:37+00:00","dateModified":"2015-04-13T17:51:37+00:00","author":{"@id":"https:\/\/www.lengyelrobert.hu\/#\/schema\/person\/2926fe5141a59e6530d8a411eb7bfb2d"},"breadcrumb":{"@id":"https:\/\/www.lengyelrobert.hu\/index.php\/2015\/04\/13\/2015-4-13-i-facebook-bejegyzes\/#breadcrumb"},"inLanguage":"hu","potentialAction":[{"@type":"ReadAction","target":["https:\/\/www.lengyelrobert.hu\/index.php\/2015\/04\/13\/2015-4-13-i-facebook-bejegyzes\/"]}]},{"@type":"BreadcrumbList","@id":"https:\/\/www.lengyelrobert.hu\/index.php\/2015\/04\/13\/2015-4-13-i-facebook-bejegyzes\/#breadcrumb","itemListElement":[{"@type":"ListItem","position":1,"name":"Home","item":"https:\/\/www.lengyelrobert.hu\/"},{"@type":"ListItem","position":2,"name":"2015.4.13-i Facebook bejegyz\u00e9s"}]},{"@type":"WebSite","@id":"https:\/\/www.lengyelrobert.hu\/#website","url":"https:\/\/www.lengyelrobert.hu\/","name":"dr. Lengyel R\u00f3bert","description":"A Becs\u00fclettel Si\u00f3fok\u00e9rt Egyes\u00fclet honlapja","potentialAction":[{"@type":"SearchAction","target":{"@type":"EntryPoint","urlTemplate":"https:\/\/www.lengyelrobert.hu\/?s={search_term_string}"},"query-input":{"@type":"PropertyValueSpecification","valueRequired":true,"valueName":"search_term_string"}}],"inLanguage":"hu"},{"@type":"Person","@id":"https:\/\/www.lengyelrobert.hu\/#\/schema\/person\/2926fe5141a59e6530d8a411eb7bfb2d","name":"webmaster","image":{"@type":"ImageObject","inLanguage":"hu","@id":"https:\/\/www.lengyelrobert.hu\/#\/schema\/person\/image\/","url":"https:\/\/secure.gravatar.com\/avatar\/d53f7fc01f188bb097ecc2caf950c777c2cdc1ec48a2d1726a8399a2188940b0?s=96&d=mm&r=g","contentUrl":"https:\/\/secure.gravatar.com\/avatar\/d53f7fc01f188bb097ecc2caf950c777c2cdc1ec48a2d1726a8399a2188940b0?s=96&d=mm&r=g","caption":"webmaster"},"sameAs":["https:\/\/www.lengyelrobert.hu"],"url":"https:\/\/www.lengyelrobert.hu\/index.php\/author\/webmaster\/"}]}},"_links":{"self":[{"href":"https:\/\/www.lengyelrobert.hu\/index.php\/wp-json\/wp\/v2\/posts\/2986","targetHints":{"allow":["GET"]}}],"collection":[{"href":"https:\/\/www.lengyelrobert.hu\/index.php\/wp-json\/wp\/v2\/posts"}],"about":[{"href":"https:\/\/www.lengyelrobert.hu\/index.php\/wp-json\/wp\/v2\/types\/post"}],"author":[{"embeddable":true,"href":"https:\/\/www.lengyelrobert.hu\/index.php\/wp-json\/wp\/v2\/users\/1"}],"replies":[{"embeddable":true,"href":"https:\/\/www.lengyelrobert.hu\/index.php\/wp-json\/wp\/v2\/comments?post=2986"}],"version-history":[{"count":0,"href":"https:\/\/www.lengyelrobert.hu\/index.php\/wp-json\/wp\/v2\/posts\/2986\/revisions"}],"wp:attachment":[{"href":"https:\/\/www.lengyelrobert.hu\/index.php\/wp-json\/wp\/v2\/media?parent=2986"}],"wp:term":[{"taxonomy":"category","embeddable":true,"href":"https:\/\/www.lengyelrobert.hu\/index.php\/wp-json\/wp\/v2\/categories?post=2986"},{"taxonomy":"post_tag","embeddable":true,"href":"https:\/\/www.lengyelrobert.hu\/index.php\/wp-json\/wp\/v2\/tags?post=2986"}],"curies":[{"name":"wp","href":"https:\/\/api.w.org\/{rel}","templated":true}]}}