{"id":2976,"date":"2015-04-29T18:51:16","date_gmt":"2015-04-29T18:51:16","guid":{"rendered":"https:\/\/www.lengyelrobert.hu\/2015\/04\/29\/2015-4-29-i-facebook-bejegyzes\/"},"modified":"2015-04-29T18:51:16","modified_gmt":"2015-04-29T18:51:16","slug":"2015-4-29-i-facebook-bejegyzes","status":"publish","type":"post","link":"https:\/\/www.lengyelrobert.hu\/index.php\/2015\/04\/29\/2015-4-29-i-facebook-bejegyzes\/","title":{"rendered":"2015.4.29-i Facebook bejegyz\u00e9s"},"content":{"rendered":"<p>Kedves Olvas\u00f3im ! Az im\u00e9nt \u00e9rtem haza az egy \u00f3r\u00e1ja v\u00e9get \u00e9rt test\u00fcleti  \u00fcl\u00e9sr\u0151l. Mindenek el\u0151tt k\u00f6sz\u00f6net azoknak, akik ma is elj\u00f6ttek \u00e9rdekl\u0151d\u0151k\u00e9nt  \u00e9s hosszabb-r\u00f6videbb ideig, de figyelemmel k\u00eds\u00e9rt\u00e9k a helysz\u00ednen  t\u00f6rt\u00e9nteket. Sok egyhang\u00fa d\u00f6nt\u00e9s \u00e9s n\u00e9h\u00e1ny \u00e9les vita, zanz\u00e1s\u00edtva ennyi.  Kicsit b\u0151vebben. Nem sz\u00fcletett v\u00e9gs\u0151 d\u00f6nt\u00e9s a fizet\u0151 parkol\u00f3kr\u00f3l, erre m\u00e9g  egy fordul\u00f3t v\u00e1rni kell. Komoly vita alakult ki a SIOTOUR \u00e1tvil\u00e1g\u00edt\u00e1s\u00e1ra  tett el\u0151terjeszt\u00e9sem t\u00e1rgy\u00e1ban. Elmondtam, hogy miut\u00e1n a Balaton-Parti Kft.  \u00e1tvil\u00e1g\u00edt\u00e1sa befejez\u0151d\u00f6tt, az embereknek tett k\u00f6z\u00f6s \u00edg\u00e9ret\u00fcnknek  megfelel\u0151en, rendelj\u00fck el a k\u00f6vetkez\u0151 \u00f6nkorm\u00e1nyzati c\u00e9g \u00e1tvil\u00e1g\u00edt\u00e1s\u00e1t.  Csorba \u00far t\u00e1j\u00e9koztatott, hogy a p\u00e9nz\u00fcgyi bizotts\u00e1g el\u0151zetesen t\u00e1rgyalta a  napirendet, de nem t\u00e1mogatja az \u00fajabb vizsg\u00e1lat elrendel\u00e9s\u00e9t. Javasolja,  hogy a hivatal bels\u0151 ellen\u0151re v\u00e9gezzen vizsg\u00e1latot, ha indokoltnak tal\u00e1lom.  Erre reag\u00e1lva elmondtam, hogy ha egy p\u00e9nz\u00fcgyi szakemberekb\u0151l, jog\u00e1szb\u00f3l  \u00e1ll\u00f3 bizotts\u00e1g 3 \u00e9s f\u00e9l h\u00f3nap alatt v\u00e9gzett el egy ilyen m\u00e9rt\u00e9k\u0171  \u00e1tvil\u00e1g\u00edt\u00e1st, komolytalan felvet\u00e9s, hogy ezt most egy bels\u0151 ellen\u0151r tegye  meg. R\u00e1ad\u00e1sul az eml\u00edtett csoport nagyon sz\u00ednvonalas munk\u00e1t v\u00e9gzett \u00e9s  jelent\u00e9st tett le az asztalra, teh\u00e1t bizony\u00edtott\u00e1k, hogy felk\u00e9sz\u00fcltek a  feladatra. Ezen fel\u00fcl egy decemberi rendk\u00edv\u00fcli test\u00fcleti \u00fcl\u00e9s el\u0151ttem fekv\u0151  jegyz\u0151k\u00f6nyv\u00e9nek tan\u00fas\u00e1ga szerint \u0151 is \u00e9s Szamosi \u00far is biztos\u00edtottak arr\u00f3l,  hogy ebben a k\u00e9rd\u00e9sk\u00f6rben nincs k\u00f6zt\u00fcnk vita, mindenki tiszt\u00e1n akar l\u00e1tni  \u00e9s ebben t\u00e1mogatni fognak. Megk\u00e9rdeztem, hogy mi t\u00f6rt\u00e9nt, ami miatt  revidi\u00e1lva lett ez az \u00e1ll\u00e1spont. A vita v\u00e9g\u00e9n az \u00e9rintettek biztos\u00edtottak  arr\u00f3l, hogy tov\u00e1bbra is partnerek lesznek \u00e9s kompromisszumos javaslatot  tettek. Ennek alapj\u00e1n d\u00f6nt\u00e9s sz\u00fcletett, olyan kompromisszumos d\u00f6nt\u00e9s, amely  sz\u00e1momra is elfogadhat\u00f3 volt. Lesz \u00e1tvil\u00e1g\u00edt\u00e1s, de a ny\u00e1ri f\u0151szezonra  tekintettel majd okt\u00f3ber 1-t\u0151l. Azt\u00e1n a profi sport. Egy\u00e9ni k\u00e9pvisel\u0151i  ind\u00edtv\u00e1nyokat tettek ketten is az \u00fcl\u00e9s sor\u00e1n. Az els\u0151t Szamosi \u00far, amelyben  azt k\u00e9rte, hogy a k\u00e9zilabda klub r\u00e9sz\u00e9re a k\u00f6lts\u00e9gvet\u00e9sben elk\u00fcl\u00f6n\u00edtett TAO  \u00f6nr\u00e9szt k\u00e9pez\u0151 \u00f6sszeg, miel\u0151bbi foly\u00f3s\u00edt\u00e1s\u00e1ra tegy\u00fck meg az int\u00e9zked\u00e9seket,  hozz\u00e1t\u00e9ve, hogy a jogszab\u00e1lyok marad\u00e9ktalan betart\u00e1s\u00e1val. Ezt elfogadtuk,  de t\u00e1j\u00e9koztattam a jelen l\u00e9v\u0151ket, hogy a klubnak 22 milli\u00f3s tartoz\u00e1sa \u00e1ll  fenn a v\u00e1ros fel\u00e9. Am\u00edg az rendez\u00e9sre nem ker\u00fcl, addig nem \u00e1ll m\u00f3dunkban  t\u00e1mogat\u00e1st foly\u00f3s\u00edtani. A m\u00e1sik ind\u00edtv\u00e1nyt Szajcz Andri\u00e1n k\u00e9pvisel\u0151 \u00far  terjesztette el\u0151. Ennek l\u00e9nyege, hogy a v\u00e1ros ny\u00fajtson seg\u00edts\u00e9get a profi  foci megment\u00e9s\u00e9hez. Kiosztotta Gr\u00faber Gy\u00f6rgy, a B\u00e1ny\u00e1s SE eln\u00f6k\u00e9nek a  test\u00fclethez \u00edrt level\u00e9t, amelyben maga is k\u00e9ri, hogy juttasson p\u00e9nzt a  test\u00fclet a profi klub r\u00e9sz\u00e9re is oly m\u00f3don, hogy az ut\u00e1np\u00f3tl\u00e1snak adott  v\u00e1rosi t\u00e1mogat\u00e1s egy r\u00e9sz\u00e9t a profik kaphass\u00e1k meg rekl\u00e1mbev\u00e9telk\u00e9nt.  Elmondtam, hogy az ilyen &#8220;p\u00e1ntlik\u00e1zott p\u00e9nzekhez&#8221; nem assziszt\u00e1lok, tudva,  hogy eddig \u00edgy ment. Nincsenek szponzorok, m\u00e1r tavaly is gyakorlatilag a  v\u00e1ros tartotta \u00e9letben a csapatot irgalmatlan p\u00e9nzeken. S\u00e9relmeztem azt is,  hogy Gr\u00faber \u00far a minap ank\u00e9tot h\u00edvott \u00f6ssze, ahova tudtommal csak a FIDESZ  frakci\u00f3 tagjait \u00e9s az orsz\u00e1ggy\u0171l\u00e9si k\u00e9pvisel\u0151t h\u00edvta meg (engem \u00e9s a t\u00f6bbi  k\u00e9pvisel\u0151t nem). Kezdek hozz\u00e1szokni, ha valaki r\u00f3lam p\u00e9nz dolg\u00e1ban  lepattan, megy \u00e9s a FIDESZ frakci\u00f3n\u00e1l kopogtat. Egy\u00e9bk\u00e9nt nem lehet a  profikat v\u00e1rosi p\u00e9nzen eltartani. Szigor\u00fa szab\u00e1lyok, tilt\u00e1sok vannak \u00e9n  pedig jogszab\u00e1lyba \u00fctk\u00f6z\u0151 szerz\u0151d\u00e9st nem fogok al\u00e1\u00edrni, k\u00e9rje azt b\u00e1rki is.  Ebben a jegyz\u0151 \u00e9s a jelen l\u00e9v\u0151 k\u00f6nyvvizsg\u00e1l\u00f3 is meger\u0151s\u00edtett. Ezzel egy\u00fctt  a test\u00fclet t\u00f6bbs\u00e9ggel azt szavazta meg, hogy a hivatal vizsg\u00e1lja meg,  milyen t\u00f6rv\u00e9nyes lehet\u0151s\u00e9g van p\u00e9nzeszk\u00f6z\u00f6k esetleges \u00e1tcsoportos\u00edt\u00e1s\u00e1ra az  ut\u00e1np\u00f3tl\u00e1snak adott p\u00e9nzkeret terh\u00e9re a profik jav\u00e1ra. Azt az\u00e9rt sajn\u00e1lom,  hogy Gr\u00faber \u00far szem\u00e9lyesen nem volt jelen, hogy a v\u00e9lem\u00e9ny\u00e9t ez\u00fattal velem  \u00e9s az ank\u00e9tj\u00e1ra meg nem h\u00edvott k\u00e9pvisel\u0151kkel is megosztotta volna&#8230; H\u00e1t  hirtelen \u00e9s nagy vonalakban ennyi. Holnap nem, tart\u00f3zkodok Si\u00f3fokon, fiam  d\u00e9lut\u00e1ni ballag\u00e1s\u00e1n veszek r\u00e9szt, \u00edgy posztolni nem fogok. De azt\u00e1n  j\u00f6v\u00f6k&#8230; M\u00e1jus 1-\u00e9n d\u00e9lt\u0151l, a kiliti rept\u00e9ren, a v\u00e1ros baloldali p\u00e1rtjai  szerveznek maj\u00e1list,amely nyilv\u00e1nos lesz, mindenkit szeretettel v\u00e1rnak.  V\u00f6lgyi Lajos k\u00e9pvisel\u0151 \u00far k\u00e9rte, hogy tegyem ezt k\u00f6zz\u00e9, sz\u00edvesen megteszem,  ha Si\u00f3fokon leszek, magam is kil\u00e1togatok. Bar\u00e1ts\u00e1ggal: R.<\/p>\n","protected":false},"excerpt":{"rendered":"<p>Kedves Olvas\u00f3im ! Az im\u00e9nt \u00e9rtem haza az egy \u00f3r\u00e1ja v\u00e9get \u00e9rt test\u00fcleti<br \/>\n\u00fcl\u00e9sr\u0151l. Mindenek el\u0151tt k\u00f6sz\u00f6net azoknak, akik ma is elj\u00f6ttek \u00e9rdekl\u0151d\u0151k\u00e9nt<br \/>\n\u00e9s hosszabb-r\u00f6videbb ideig, de figyelemmel k\u00eds\u00e9rt\u00e9k a helysz\u00ednen<br \/>\nt\u00f6rt\u00e9nteket. Sok egyhang\u00fa d\u00f6nt\u00e9s \u00e9s n\u00e9h\u00e1ny \u00e9les vita, zanz\u00e1s\u00edtva ennyi.<br \/>\nKicsit b\u0151vebben. Nem sz\u00fcletett v\u00e9gs\u0151 d\u00f6nt\u00e9s a fizet\u0151 parkol\u00f3kr\u00f3l, erre m\u00e9g<br \/>\negy fordul\u00f3t v\u00e1rni kell. Komoly vita&#8230;<\/p>\n","protected":false},"author":1,"featured_media":0,"comment_status":"open","ping_status":"open","sticky":false,"template":"","format":"standard","meta":{"_acf_changed":false,"_et_pb_use_builder":"","_et_pb_old_content":"","_et_gb_content_width":"","footnotes":""},"categories":[1],"tags":[],"class_list":["post-2976","post","type-post","status-publish","format-standard","hentry","category-uncategorized"],"acf":[],"yoast_head":"<!-- This site is optimized with the Yoast SEO plugin v23.8 - https:\/\/yoast.com\/wordpress\/plugins\/seo\/ -->\n<title>2015.4.29-i Facebook bejegyz\u00e9s - dr. Lengyel R\u00f3bert<\/title>\n<meta name=\"robots\" content=\"index, follow, max-snippet:-1, max-image-preview:large, max-video-preview:-1\" \/>\n<link rel=\"canonical\" href=\"https:\/\/www.lengyelrobert.hu\/index.php\/2015\/04\/29\/2015-4-29-i-facebook-bejegyzes\/\" \/>\n<meta property=\"og:locale\" content=\"hu_HU\" \/>\n<meta property=\"og:type\" content=\"article\" \/>\n<meta property=\"og:title\" content=\"2015.4.29-i Facebook bejegyz\u00e9s - dr. Lengyel R\u00f3bert\" \/>\n<meta property=\"og:description\" content=\"Kedves Olvas\u00f3im ! Az im\u00e9nt \u00e9rtem haza az egy \u00f3r\u00e1ja v\u00e9get \u00e9rt test\u00fcleti \u00fcl\u00e9sr\u0151l. Mindenek el\u0151tt k\u00f6sz\u00f6net azoknak, akik ma is elj\u00f6ttek \u00e9rdekl\u0151d\u0151k\u00e9nt \u00e9s hosszabb-r\u00f6videbb ideig, de figyelemmel k\u00eds\u00e9rt\u00e9k a helysz\u00ednen t\u00f6rt\u00e9nteket. Sok egyhang\u00fa d\u00f6nt\u00e9s \u00e9s n\u00e9h\u00e1ny \u00e9les vita, zanz\u00e1s\u00edtva ennyi. Kicsit b\u0151vebben. Nem sz\u00fcletett v\u00e9gs\u0151 d\u00f6nt\u00e9s a fizet\u0151 parkol\u00f3kr\u00f3l, erre m\u00e9g egy fordul\u00f3t v\u00e1rni kell. Komoly vita...\" \/>\n<meta property=\"og:url\" content=\"https:\/\/www.lengyelrobert.hu\/index.php\/2015\/04\/29\/2015-4-29-i-facebook-bejegyzes\/\" \/>\n<meta property=\"og:site_name\" content=\"dr. Lengyel R\u00f3bert\" \/>\n<meta property=\"article:published_time\" content=\"2015-04-29T18:51:16+00:00\" \/>\n<meta name=\"author\" content=\"webmaster\" \/>\n<meta name=\"twitter:card\" content=\"summary_large_image\" \/>\n<meta name=\"twitter:label1\" content=\"Szerz\u0151:\" \/>\n\t<meta name=\"twitter:data1\" content=\"webmaster\" \/>\n\t<meta name=\"twitter:label2\" content=\"Becs\u00fclt olvas\u00e1si id\u0151\" \/>\n\t<meta name=\"twitter:data2\" content=\"5 perc\" \/>\n<script type=\"application\/ld+json\" class=\"yoast-schema-graph\">{\"@context\":\"https:\/\/schema.org\",\"@graph\":[{\"@type\":\"WebPage\",\"@id\":\"https:\/\/www.lengyelrobert.hu\/index.php\/2015\/04\/29\/2015-4-29-i-facebook-bejegyzes\/\",\"url\":\"https:\/\/www.lengyelrobert.hu\/index.php\/2015\/04\/29\/2015-4-29-i-facebook-bejegyzes\/\",\"name\":\"2015.4.29-i Facebook bejegyz\u00e9s - dr. Lengyel R\u00f3bert\",\"isPartOf\":{\"@id\":\"https:\/\/www.lengyelrobert.hu\/#website\"},\"datePublished\":\"2015-04-29T18:51:16+00:00\",\"dateModified\":\"2015-04-29T18:51:16+00:00\",\"author\":{\"@id\":\"https:\/\/www.lengyelrobert.hu\/#\/schema\/person\/2926fe5141a59e6530d8a411eb7bfb2d\"},\"breadcrumb\":{\"@id\":\"https:\/\/www.lengyelrobert.hu\/index.php\/2015\/04\/29\/2015-4-29-i-facebook-bejegyzes\/#breadcrumb\"},\"inLanguage\":\"hu\",\"potentialAction\":[{\"@type\":\"ReadAction\",\"target\":[\"https:\/\/www.lengyelrobert.hu\/index.php\/2015\/04\/29\/2015-4-29-i-facebook-bejegyzes\/\"]}]},{\"@type\":\"BreadcrumbList\",\"@id\":\"https:\/\/www.lengyelrobert.hu\/index.php\/2015\/04\/29\/2015-4-29-i-facebook-bejegyzes\/#breadcrumb\",\"itemListElement\":[{\"@type\":\"ListItem\",\"position\":1,\"name\":\"Home\",\"item\":\"https:\/\/www.lengyelrobert.hu\/\"},{\"@type\":\"ListItem\",\"position\":2,\"name\":\"2015.4.29-i Facebook bejegyz\u00e9s\"}]},{\"@type\":\"WebSite\",\"@id\":\"https:\/\/www.lengyelrobert.hu\/#website\",\"url\":\"https:\/\/www.lengyelrobert.hu\/\",\"name\":\"dr. Lengyel R\u00f3bert\",\"description\":\"A Becs\u00fclettel Si\u00f3fok\u00e9rt Egyes\u00fclet honlapja\",\"potentialAction\":[{\"@type\":\"SearchAction\",\"target\":{\"@type\":\"EntryPoint\",\"urlTemplate\":\"https:\/\/www.lengyelrobert.hu\/?s={search_term_string}\"},\"query-input\":{\"@type\":\"PropertyValueSpecification\",\"valueRequired\":true,\"valueName\":\"search_term_string\"}}],\"inLanguage\":\"hu\"},{\"@type\":\"Person\",\"@id\":\"https:\/\/www.lengyelrobert.hu\/#\/schema\/person\/2926fe5141a59e6530d8a411eb7bfb2d\",\"name\":\"webmaster\",\"image\":{\"@type\":\"ImageObject\",\"inLanguage\":\"hu\",\"@id\":\"https:\/\/www.lengyelrobert.hu\/#\/schema\/person\/image\/\",\"url\":\"https:\/\/secure.gravatar.com\/avatar\/d53f7fc01f188bb097ecc2caf950c777c2cdc1ec48a2d1726a8399a2188940b0?s=96&d=mm&r=g\",\"contentUrl\":\"https:\/\/secure.gravatar.com\/avatar\/d53f7fc01f188bb097ecc2caf950c777c2cdc1ec48a2d1726a8399a2188940b0?s=96&d=mm&r=g\",\"caption\":\"webmaster\"},\"sameAs\":[\"https:\/\/www.lengyelrobert.hu\"],\"url\":\"https:\/\/www.lengyelrobert.hu\/index.php\/author\/webmaster\/\"}]}<\/script>\n<!-- \/ Yoast SEO plugin. -->","yoast_head_json":{"title":"2015.4.29-i Facebook bejegyz\u00e9s - dr. Lengyel R\u00f3bert","robots":{"index":"index","follow":"follow","max-snippet":"max-snippet:-1","max-image-preview":"max-image-preview:large","max-video-preview":"max-video-preview:-1"},"canonical":"https:\/\/www.lengyelrobert.hu\/index.php\/2015\/04\/29\/2015-4-29-i-facebook-bejegyzes\/","og_locale":"hu_HU","og_type":"article","og_title":"2015.4.29-i Facebook bejegyz\u00e9s - dr. Lengyel R\u00f3bert","og_description":"Kedves Olvas\u00f3im ! Az im\u00e9nt \u00e9rtem haza az egy \u00f3r\u00e1ja v\u00e9get \u00e9rt test\u00fcleti \u00fcl\u00e9sr\u0151l. Mindenek el\u0151tt k\u00f6sz\u00f6net azoknak, akik ma is elj\u00f6ttek \u00e9rdekl\u0151d\u0151k\u00e9nt \u00e9s hosszabb-r\u00f6videbb ideig, de figyelemmel k\u00eds\u00e9rt\u00e9k a helysz\u00ednen t\u00f6rt\u00e9nteket. Sok egyhang\u00fa d\u00f6nt\u00e9s \u00e9s n\u00e9h\u00e1ny \u00e9les vita, zanz\u00e1s\u00edtva ennyi. Kicsit b\u0151vebben. Nem sz\u00fcletett v\u00e9gs\u0151 d\u00f6nt\u00e9s a fizet\u0151 parkol\u00f3kr\u00f3l, erre m\u00e9g egy fordul\u00f3t v\u00e1rni kell. Komoly vita...","og_url":"https:\/\/www.lengyelrobert.hu\/index.php\/2015\/04\/29\/2015-4-29-i-facebook-bejegyzes\/","og_site_name":"dr. Lengyel R\u00f3bert","article_published_time":"2015-04-29T18:51:16+00:00","author":"webmaster","twitter_card":"summary_large_image","twitter_misc":{"Szerz\u0151:":"webmaster","Becs\u00fclt olvas\u00e1si id\u0151":"5 perc"},"schema":{"@context":"https:\/\/schema.org","@graph":[{"@type":"WebPage","@id":"https:\/\/www.lengyelrobert.hu\/index.php\/2015\/04\/29\/2015-4-29-i-facebook-bejegyzes\/","url":"https:\/\/www.lengyelrobert.hu\/index.php\/2015\/04\/29\/2015-4-29-i-facebook-bejegyzes\/","name":"2015.4.29-i Facebook bejegyz\u00e9s - dr. Lengyel R\u00f3bert","isPartOf":{"@id":"https:\/\/www.lengyelrobert.hu\/#website"},"datePublished":"2015-04-29T18:51:16+00:00","dateModified":"2015-04-29T18:51:16+00:00","author":{"@id":"https:\/\/www.lengyelrobert.hu\/#\/schema\/person\/2926fe5141a59e6530d8a411eb7bfb2d"},"breadcrumb":{"@id":"https:\/\/www.lengyelrobert.hu\/index.php\/2015\/04\/29\/2015-4-29-i-facebook-bejegyzes\/#breadcrumb"},"inLanguage":"hu","potentialAction":[{"@type":"ReadAction","target":["https:\/\/www.lengyelrobert.hu\/index.php\/2015\/04\/29\/2015-4-29-i-facebook-bejegyzes\/"]}]},{"@type":"BreadcrumbList","@id":"https:\/\/www.lengyelrobert.hu\/index.php\/2015\/04\/29\/2015-4-29-i-facebook-bejegyzes\/#breadcrumb","itemListElement":[{"@type":"ListItem","position":1,"name":"Home","item":"https:\/\/www.lengyelrobert.hu\/"},{"@type":"ListItem","position":2,"name":"2015.4.29-i Facebook bejegyz\u00e9s"}]},{"@type":"WebSite","@id":"https:\/\/www.lengyelrobert.hu\/#website","url":"https:\/\/www.lengyelrobert.hu\/","name":"dr. Lengyel R\u00f3bert","description":"A Becs\u00fclettel Si\u00f3fok\u00e9rt Egyes\u00fclet honlapja","potentialAction":[{"@type":"SearchAction","target":{"@type":"EntryPoint","urlTemplate":"https:\/\/www.lengyelrobert.hu\/?s={search_term_string}"},"query-input":{"@type":"PropertyValueSpecification","valueRequired":true,"valueName":"search_term_string"}}],"inLanguage":"hu"},{"@type":"Person","@id":"https:\/\/www.lengyelrobert.hu\/#\/schema\/person\/2926fe5141a59e6530d8a411eb7bfb2d","name":"webmaster","image":{"@type":"ImageObject","inLanguage":"hu","@id":"https:\/\/www.lengyelrobert.hu\/#\/schema\/person\/image\/","url":"https:\/\/secure.gravatar.com\/avatar\/d53f7fc01f188bb097ecc2caf950c777c2cdc1ec48a2d1726a8399a2188940b0?s=96&d=mm&r=g","contentUrl":"https:\/\/secure.gravatar.com\/avatar\/d53f7fc01f188bb097ecc2caf950c777c2cdc1ec48a2d1726a8399a2188940b0?s=96&d=mm&r=g","caption":"webmaster"},"sameAs":["https:\/\/www.lengyelrobert.hu"],"url":"https:\/\/www.lengyelrobert.hu\/index.php\/author\/webmaster\/"}]}},"_links":{"self":[{"href":"https:\/\/www.lengyelrobert.hu\/index.php\/wp-json\/wp\/v2\/posts\/2976","targetHints":{"allow":["GET"]}}],"collection":[{"href":"https:\/\/www.lengyelrobert.hu\/index.php\/wp-json\/wp\/v2\/posts"}],"about":[{"href":"https:\/\/www.lengyelrobert.hu\/index.php\/wp-json\/wp\/v2\/types\/post"}],"author":[{"embeddable":true,"href":"https:\/\/www.lengyelrobert.hu\/index.php\/wp-json\/wp\/v2\/users\/1"}],"replies":[{"embeddable":true,"href":"https:\/\/www.lengyelrobert.hu\/index.php\/wp-json\/wp\/v2\/comments?post=2976"}],"version-history":[{"count":0,"href":"https:\/\/www.lengyelrobert.hu\/index.php\/wp-json\/wp\/v2\/posts\/2976\/revisions"}],"wp:attachment":[{"href":"https:\/\/www.lengyelrobert.hu\/index.php\/wp-json\/wp\/v2\/media?parent=2976"}],"wp:term":[{"taxonomy":"category","embeddable":true,"href":"https:\/\/www.lengyelrobert.hu\/index.php\/wp-json\/wp\/v2\/categories?post=2976"},{"taxonomy":"post_tag","embeddable":true,"href":"https:\/\/www.lengyelrobert.hu\/index.php\/wp-json\/wp\/v2\/tags?post=2976"}],"curies":[{"name":"wp","href":"https:\/\/api.w.org\/{rel}","templated":true}]}}