{"id":2949,"date":"2015-06-29T14:03:48","date_gmt":"2015-06-29T14:03:48","guid":{"rendered":"https:\/\/www.lengyelrobert.hu\/2015\/06\/29\/2015-6-29-i-facebook-bejegyzes\/"},"modified":"2015-06-29T14:03:48","modified_gmt":"2015-06-29T14:03:48","slug":"2015-6-29-i-facebook-bejegyzes","status":"publish","type":"post","link":"https:\/\/www.lengyelrobert.hu\/index.php\/2015\/06\/29\/2015-6-29-i-facebook-bejegyzes\/","title":{"rendered":"2015.6.29-i Facebook bejegyz\u00e9s"},"content":{"rendered":"<p>Tisztelt Olvas\u00f3k! Olvas\u00f3i k\u00e9rd\u00e9sekre v\u00e1laszolva: Igaz-e, hogy a m\u00falt h\u00e9ten  a Z\u00f6ldfok Zrt-n\u00e9l tiszts\u00e9gvisel\u0151 v\u00e1laszt\u00e1s volt \u00e9s az eddig hat\u00e1rozott  id\u0151re foglalkoztatott vez\u00e9rigazgat\u00f3t, Szab\u00f3 Zolt\u00e1nt meger\u0151s\u00edtett\u00e9k  beoszt\u00e1s\u00e1ban, illetve az eddigi hat\u00e1rozott idej\u0171 megb\u00edz\u00e1s\u00e1t hat\u00e1rozatlan  idej\u0171re m\u00f3dos\u00edtott\u00e1k. Nos, b\u00e1r a Z\u00f6ldfokban 25 %-nyi tulajdona van Si\u00f3fok  v\u00e1ros\u00e1nak, de a tulajdonosi jogokat -test\u00fcleti d\u00f6nt\u00e9sre- nem a  polg\u00e1rmester, hanem a p\u00e9nz\u00fcgyi bizotts\u00e1g gyakorolja. Ennek megfelel\u0151en  Csorba \u00far, mint bizotts\u00e1gi eln\u00f6k vett r\u00e9szt a k\u00f6zgy\u0171l\u00e9sen, \u0151 szavazott a  v\u00e1ros tulajdonosi h\u00e1nyad\u00e1val, nekem ebbe belesz\u00f3l\u00e1som nem volt. Engem sem a  3\/4 r\u00e9szben tulajdonos \u00e1llam k\u00e9pvisel\u0151je, sem a p\u00e9nz\u00fcgyi bizotts\u00e1g eln\u00f6ke  el\u0151zetesen nem k\u00e9rdezett meg arr\u00f3l, hogy mint a v\u00e1ros vezet\u0151j\u00e9nek, mi a  v\u00e9lem\u00e9nyem (b\u00e1r nyilv\u00e1n lett volna \u00e9s el\u00e9gg\u00e9 mark\u00e1ns), esetleg a  javaslatom. A k\u00f6zgy\u0171l\u00e9s id\u0151pontj\u00e1r\u00f3l is csak inform\u00e1lisan \u00e9rtes\u00fcltem, a  hivatalos eredm\u00e9ny\u00e9r\u0151l pedig Csorba \u00far t\u00e1j\u00e9koztat\u00e1sa alapj\u00e1n tudok. Igen,  meg volt a k\u00f6zgy\u0171l\u00e9s \u00e9s val\u00f3ban Szab\u00f3 \u00far maradt vez\u00e9rigazgat\u00f3 \u00e9s ez\u00fattal  m\u00e1r hat\u00e1rozatlan id\u0151re. Tov\u00e1bbi k\u00e9rd\u00e9s, hogy val\u00f3ban a Z\u00f6ldfok  alkalmaz\u00e1s\u00e1ba ker\u00fclt-e Szalai Istv\u00e1n, a FIDESZ volt helyi eln\u00f6ke? A  munk\u00e1ltat\u00f3i jogok gyakorl\u00f3ja a vez\u00e9rigazgat\u00f3 a Z\u00f6ldfokn\u00e1l, \u00edgy ezt a  k\u00e9rd\u00e9st r\u00e9szleteiben neki kell c\u00edmezni. \u00c9n \u00fagy tudom, hogy val\u00f3ban ott van  \u00e1ll\u00e1sban Szalai \u00far m\u00e1r egy ideje, de, hogy mit csin\u00e1l, milyen beoszt\u00e1sban,  azt nem tudom pontosan megmondani, erre Szab\u00f3 \u00far az illet\u00e9kes. Arr\u00f3l, hogy  az eml\u00edtett urak, val\u00f3ban fent voltak-e azon az elh\u00edres\u00fclt szem\u00e9tsz\u00e1ll\u00edt\u00e1si  d\u00edj fizet\u00e9se al\u00f3l mentes\u00edt\u0151 list\u00e1n, hivatalos t\u00e1j\u00e9koztat\u00e1st a SI\u00d3KOM Nkft.  \u00fcgyvezet\u0151j\u00e9t\u0151l lehet k\u00e9rni, k\u00f6z\u00e9rdek\u0171 adatk\u00e9nt. Jelezn\u00e9m azt is, hogy  j\u00falius 1-\u00e9n 13.00 \u00f3r\u00e1ra, a Si\u00f3foki J\u00e1r\u00e1sb\u00edr\u00f3s\u00e1gra vagyok id\u00e9zve. M\u00e9g a  kamp\u00e1ny idej\u00e9n, a Balatoni Polg\u00e1r nev\u0171 \u00fajs\u00e1gban jelent meg egy n\u00e9vtelen  szerz\u0151 \u00e1ltal publik\u00e1lt cikk, amelyben nagy nyilv\u00e1noss\u00e1g el\u0151tt, egyebek  mellett a kor\u00e1bbi (rend\u0151ri) hivat\u00e1som gyakorl\u00e1s\u00e1val is \u00f6sszef\u00fcgg\u00e9sben \u00edrt a  szerz\u0151 a lej\u00e1rat\u00e1somra alkalmas, a becs\u00fcletemet csorb\u00edt\u00f3 mondatokat.  Ismeretlen tettes ellen tettem feljelent\u00e9st \u00e9s ezen nyomoz\u00e1s  eredm\u00e9nyek\u00e9ppen ker\u00fcl sor m\u00e1r b\u00edr\u00f3s\u00e1gi t\u00e1rgyal\u00e1sra. A v\u00e1dlottat is  megnevezi az id\u00e9z\u0151 v\u00e9gz\u00e9s. Szem\u00e9lyesen nem ismerem a h\u00f6lgyet, de  term\u00e9szetesen maga a n\u00e9v nem teljesen ismeretlen el\u0151ttem. \u00dagy tudom si\u00f3foki  \u00e9s egy ismert v\u00e1llalkoz\u00f3 csal\u00e1d tagja. Szeretn\u00e9m felh\u00edvni a v\u00e1ros lak\u00f3inak  a figyelm\u00e9t, hogy p\u00e9nteken j\u00e1rjuk be a telep\u00fcl\u00e9st a vir\u00e1gos\u00edt\u00e1si verseny  nemzetk\u00f6zi zs\u0171rij\u00e9vel. Ha szabad ilyent k\u00e9rni, m\u00e9g fokozottabban \u00fcgyelj\u00fcnk  a napokban a saj\u00e1t port\u00e1inkra is, legyen k\u00f6z\u00f6s az \u00e9lm\u00e9ny, ha j\u00f3l  szerepel\u00fcnk. A minap a Si\u00f3fok V\u00e1ros\u00e9rt Egyes\u00fclet tagjai szem\u00e9tszed\u00e9si  akci\u00f3t szerveztek \u00e9s bonyol\u00edtottak a v\u00e1ros t\u00f6bb pontj\u00e1n. K\u00f6sz\u00f6net \u00e9rte a  szervez\u0151knek \u00e9s a r\u00e9sztvev\u0151knek egyar\u00e1nt. Bar\u00e1ts\u00e1ggal: R.  http:\/\/www.sonline.hu\/somogy\/kozelet\/a-deli-hatarra-mentek-a-lovasrendorok-siofokra-csak-ketto-jutott-617840<\/p>\n","protected":false},"excerpt":{"rendered":"<p>Tisztelt Olvas\u00f3k! Olvas\u00f3i k\u00e9rd\u00e9sekre v\u00e1laszolva: Igaz-e, hogy a m\u00falt h\u00e9ten<br \/>\na Z\u00f6ldfok Zrt-n\u00e9l tiszts\u00e9gvisel\u0151 v\u00e1laszt\u00e1s volt \u00e9s az eddig hat\u00e1rozott<br \/>\nid\u0151re foglalkoztatott vez\u00e9rigazgat\u00f3t, Szab\u00f3 Zolt\u00e1nt meger\u0151s\u00edtett\u00e9k<br \/>\nbeoszt\u00e1s\u00e1ban, illetve az eddigi hat\u00e1rozott idej\u0171 megb\u00edz\u00e1s\u00e1t hat\u00e1rozatlan<br \/>\nidej\u0171re m\u00f3dos\u00edtott\u00e1k. Nos, b\u00e1r a Z\u00f6ldfokban 25 %-nyi tulajdona van Si\u00f3fok<br \/>\nv\u00e1ros\u00e1nak, de a tulajdonosi jogokat&#8230;<\/p>\n","protected":false},"author":1,"featured_media":0,"comment_status":"open","ping_status":"open","sticky":false,"template":"","format":"standard","meta":{"_acf_changed":false,"_et_pb_use_builder":"","_et_pb_old_content":"","_et_gb_content_width":"","footnotes":""},"categories":[1],"tags":[],"class_list":["post-2949","post","type-post","status-publish","format-standard","hentry","category-uncategorized"],"acf":[],"yoast_head":"<!-- This site is optimized with the Yoast SEO plugin v23.8 - https:\/\/yoast.com\/wordpress\/plugins\/seo\/ -->\n<title>2015.6.29-i Facebook bejegyz\u00e9s - dr. Lengyel R\u00f3bert<\/title>\n<meta name=\"robots\" content=\"index, follow, max-snippet:-1, max-image-preview:large, max-video-preview:-1\" \/>\n<link rel=\"canonical\" href=\"https:\/\/www.lengyelrobert.hu\/index.php\/2015\/06\/29\/2015-6-29-i-facebook-bejegyzes\/\" \/>\n<meta property=\"og:locale\" content=\"hu_HU\" \/>\n<meta property=\"og:type\" content=\"article\" \/>\n<meta property=\"og:title\" content=\"2015.6.29-i Facebook bejegyz\u00e9s - dr. Lengyel R\u00f3bert\" \/>\n<meta property=\"og:description\" content=\"Tisztelt Olvas\u00f3k! Olvas\u00f3i k\u00e9rd\u00e9sekre v\u00e1laszolva: Igaz-e, hogy a m\u00falt h\u00e9ten a Z\u00f6ldfok Zrt-n\u00e9l tiszts\u00e9gvisel\u0151 v\u00e1laszt\u00e1s volt \u00e9s az eddig hat\u00e1rozott id\u0151re foglalkoztatott vez\u00e9rigazgat\u00f3t, Szab\u00f3 Zolt\u00e1nt meger\u0151s\u00edtett\u00e9k beoszt\u00e1s\u00e1ban, illetve az eddigi hat\u00e1rozott idej\u0171 megb\u00edz\u00e1s\u00e1t hat\u00e1rozatlan idej\u0171re m\u00f3dos\u00edtott\u00e1k. Nos, b\u00e1r a Z\u00f6ldfokban 25 %-nyi tulajdona van Si\u00f3fok v\u00e1ros\u00e1nak, de a tulajdonosi jogokat...\" \/>\n<meta property=\"og:url\" content=\"https:\/\/www.lengyelrobert.hu\/index.php\/2015\/06\/29\/2015-6-29-i-facebook-bejegyzes\/\" \/>\n<meta property=\"og:site_name\" content=\"dr. Lengyel R\u00f3bert\" \/>\n<meta property=\"article:published_time\" content=\"2015-06-29T14:03:48+00:00\" \/>\n<meta name=\"author\" content=\"webmaster\" \/>\n<meta name=\"twitter:card\" content=\"summary_large_image\" \/>\n<meta name=\"twitter:label1\" content=\"Szerz\u0151:\" \/>\n\t<meta name=\"twitter:data1\" content=\"webmaster\" \/>\n\t<meta name=\"twitter:label2\" content=\"Becs\u00fclt olvas\u00e1si id\u0151\" \/>\n\t<meta name=\"twitter:data2\" content=\"3 perc\" \/>\n<script type=\"application\/ld+json\" class=\"yoast-schema-graph\">{\"@context\":\"https:\/\/schema.org\",\"@graph\":[{\"@type\":\"WebPage\",\"@id\":\"https:\/\/www.lengyelrobert.hu\/index.php\/2015\/06\/29\/2015-6-29-i-facebook-bejegyzes\/\",\"url\":\"https:\/\/www.lengyelrobert.hu\/index.php\/2015\/06\/29\/2015-6-29-i-facebook-bejegyzes\/\",\"name\":\"2015.6.29-i Facebook bejegyz\u00e9s - dr. Lengyel R\u00f3bert\",\"isPartOf\":{\"@id\":\"https:\/\/www.lengyelrobert.hu\/#website\"},\"datePublished\":\"2015-06-29T14:03:48+00:00\",\"dateModified\":\"2015-06-29T14:03:48+00:00\",\"author\":{\"@id\":\"https:\/\/www.lengyelrobert.hu\/#\/schema\/person\/2926fe5141a59e6530d8a411eb7bfb2d\"},\"breadcrumb\":{\"@id\":\"https:\/\/www.lengyelrobert.hu\/index.php\/2015\/06\/29\/2015-6-29-i-facebook-bejegyzes\/#breadcrumb\"},\"inLanguage\":\"hu\",\"potentialAction\":[{\"@type\":\"ReadAction\",\"target\":[\"https:\/\/www.lengyelrobert.hu\/index.php\/2015\/06\/29\/2015-6-29-i-facebook-bejegyzes\/\"]}]},{\"@type\":\"BreadcrumbList\",\"@id\":\"https:\/\/www.lengyelrobert.hu\/index.php\/2015\/06\/29\/2015-6-29-i-facebook-bejegyzes\/#breadcrumb\",\"itemListElement\":[{\"@type\":\"ListItem\",\"position\":1,\"name\":\"Home\",\"item\":\"https:\/\/www.lengyelrobert.hu\/\"},{\"@type\":\"ListItem\",\"position\":2,\"name\":\"2015.6.29-i Facebook bejegyz\u00e9s\"}]},{\"@type\":\"WebSite\",\"@id\":\"https:\/\/www.lengyelrobert.hu\/#website\",\"url\":\"https:\/\/www.lengyelrobert.hu\/\",\"name\":\"dr. Lengyel R\u00f3bert\",\"description\":\"A Becs\u00fclettel Si\u00f3fok\u00e9rt Egyes\u00fclet honlapja\",\"potentialAction\":[{\"@type\":\"SearchAction\",\"target\":{\"@type\":\"EntryPoint\",\"urlTemplate\":\"https:\/\/www.lengyelrobert.hu\/?s={search_term_string}\"},\"query-input\":{\"@type\":\"PropertyValueSpecification\",\"valueRequired\":true,\"valueName\":\"search_term_string\"}}],\"inLanguage\":\"hu\"},{\"@type\":\"Person\",\"@id\":\"https:\/\/www.lengyelrobert.hu\/#\/schema\/person\/2926fe5141a59e6530d8a411eb7bfb2d\",\"name\":\"webmaster\",\"image\":{\"@type\":\"ImageObject\",\"inLanguage\":\"hu\",\"@id\":\"https:\/\/www.lengyelrobert.hu\/#\/schema\/person\/image\/\",\"url\":\"https:\/\/secure.gravatar.com\/avatar\/d53f7fc01f188bb097ecc2caf950c777c2cdc1ec48a2d1726a8399a2188940b0?s=96&d=mm&r=g\",\"contentUrl\":\"https:\/\/secure.gravatar.com\/avatar\/d53f7fc01f188bb097ecc2caf950c777c2cdc1ec48a2d1726a8399a2188940b0?s=96&d=mm&r=g\",\"caption\":\"webmaster\"},\"sameAs\":[\"https:\/\/www.lengyelrobert.hu\"],\"url\":\"https:\/\/www.lengyelrobert.hu\/index.php\/author\/webmaster\/\"}]}<\/script>\n<!-- \/ Yoast SEO plugin. -->","yoast_head_json":{"title":"2015.6.29-i Facebook bejegyz\u00e9s - dr. Lengyel R\u00f3bert","robots":{"index":"index","follow":"follow","max-snippet":"max-snippet:-1","max-image-preview":"max-image-preview:large","max-video-preview":"max-video-preview:-1"},"canonical":"https:\/\/www.lengyelrobert.hu\/index.php\/2015\/06\/29\/2015-6-29-i-facebook-bejegyzes\/","og_locale":"hu_HU","og_type":"article","og_title":"2015.6.29-i Facebook bejegyz\u00e9s - dr. Lengyel R\u00f3bert","og_description":"Tisztelt Olvas\u00f3k! Olvas\u00f3i k\u00e9rd\u00e9sekre v\u00e1laszolva: Igaz-e, hogy a m\u00falt h\u00e9ten a Z\u00f6ldfok Zrt-n\u00e9l tiszts\u00e9gvisel\u0151 v\u00e1laszt\u00e1s volt \u00e9s az eddig hat\u00e1rozott id\u0151re foglalkoztatott vez\u00e9rigazgat\u00f3t, Szab\u00f3 Zolt\u00e1nt meger\u0151s\u00edtett\u00e9k beoszt\u00e1s\u00e1ban, illetve az eddigi hat\u00e1rozott idej\u0171 megb\u00edz\u00e1s\u00e1t hat\u00e1rozatlan idej\u0171re m\u00f3dos\u00edtott\u00e1k. Nos, b\u00e1r a Z\u00f6ldfokban 25 %-nyi tulajdona van Si\u00f3fok v\u00e1ros\u00e1nak, de a tulajdonosi jogokat...","og_url":"https:\/\/www.lengyelrobert.hu\/index.php\/2015\/06\/29\/2015-6-29-i-facebook-bejegyzes\/","og_site_name":"dr. Lengyel R\u00f3bert","article_published_time":"2015-06-29T14:03:48+00:00","author":"webmaster","twitter_card":"summary_large_image","twitter_misc":{"Szerz\u0151:":"webmaster","Becs\u00fclt olvas\u00e1si id\u0151":"3 perc"},"schema":{"@context":"https:\/\/schema.org","@graph":[{"@type":"WebPage","@id":"https:\/\/www.lengyelrobert.hu\/index.php\/2015\/06\/29\/2015-6-29-i-facebook-bejegyzes\/","url":"https:\/\/www.lengyelrobert.hu\/index.php\/2015\/06\/29\/2015-6-29-i-facebook-bejegyzes\/","name":"2015.6.29-i Facebook bejegyz\u00e9s - dr. Lengyel R\u00f3bert","isPartOf":{"@id":"https:\/\/www.lengyelrobert.hu\/#website"},"datePublished":"2015-06-29T14:03:48+00:00","dateModified":"2015-06-29T14:03:48+00:00","author":{"@id":"https:\/\/www.lengyelrobert.hu\/#\/schema\/person\/2926fe5141a59e6530d8a411eb7bfb2d"},"breadcrumb":{"@id":"https:\/\/www.lengyelrobert.hu\/index.php\/2015\/06\/29\/2015-6-29-i-facebook-bejegyzes\/#breadcrumb"},"inLanguage":"hu","potentialAction":[{"@type":"ReadAction","target":["https:\/\/www.lengyelrobert.hu\/index.php\/2015\/06\/29\/2015-6-29-i-facebook-bejegyzes\/"]}]},{"@type":"BreadcrumbList","@id":"https:\/\/www.lengyelrobert.hu\/index.php\/2015\/06\/29\/2015-6-29-i-facebook-bejegyzes\/#breadcrumb","itemListElement":[{"@type":"ListItem","position":1,"name":"Home","item":"https:\/\/www.lengyelrobert.hu\/"},{"@type":"ListItem","position":2,"name":"2015.6.29-i Facebook bejegyz\u00e9s"}]},{"@type":"WebSite","@id":"https:\/\/www.lengyelrobert.hu\/#website","url":"https:\/\/www.lengyelrobert.hu\/","name":"dr. Lengyel R\u00f3bert","description":"A Becs\u00fclettel Si\u00f3fok\u00e9rt Egyes\u00fclet honlapja","potentialAction":[{"@type":"SearchAction","target":{"@type":"EntryPoint","urlTemplate":"https:\/\/www.lengyelrobert.hu\/?s={search_term_string}"},"query-input":{"@type":"PropertyValueSpecification","valueRequired":true,"valueName":"search_term_string"}}],"inLanguage":"hu"},{"@type":"Person","@id":"https:\/\/www.lengyelrobert.hu\/#\/schema\/person\/2926fe5141a59e6530d8a411eb7bfb2d","name":"webmaster","image":{"@type":"ImageObject","inLanguage":"hu","@id":"https:\/\/www.lengyelrobert.hu\/#\/schema\/person\/image\/","url":"https:\/\/secure.gravatar.com\/avatar\/d53f7fc01f188bb097ecc2caf950c777c2cdc1ec48a2d1726a8399a2188940b0?s=96&d=mm&r=g","contentUrl":"https:\/\/secure.gravatar.com\/avatar\/d53f7fc01f188bb097ecc2caf950c777c2cdc1ec48a2d1726a8399a2188940b0?s=96&d=mm&r=g","caption":"webmaster"},"sameAs":["https:\/\/www.lengyelrobert.hu"],"url":"https:\/\/www.lengyelrobert.hu\/index.php\/author\/webmaster\/"}]}},"_links":{"self":[{"href":"https:\/\/www.lengyelrobert.hu\/index.php\/wp-json\/wp\/v2\/posts\/2949","targetHints":{"allow":["GET"]}}],"collection":[{"href":"https:\/\/www.lengyelrobert.hu\/index.php\/wp-json\/wp\/v2\/posts"}],"about":[{"href":"https:\/\/www.lengyelrobert.hu\/index.php\/wp-json\/wp\/v2\/types\/post"}],"author":[{"embeddable":true,"href":"https:\/\/www.lengyelrobert.hu\/index.php\/wp-json\/wp\/v2\/users\/1"}],"replies":[{"embeddable":true,"href":"https:\/\/www.lengyelrobert.hu\/index.php\/wp-json\/wp\/v2\/comments?post=2949"}],"version-history":[{"count":0,"href":"https:\/\/www.lengyelrobert.hu\/index.php\/wp-json\/wp\/v2\/posts\/2949\/revisions"}],"wp:attachment":[{"href":"https:\/\/www.lengyelrobert.hu\/index.php\/wp-json\/wp\/v2\/media?parent=2949"}],"wp:term":[{"taxonomy":"category","embeddable":true,"href":"https:\/\/www.lengyelrobert.hu\/index.php\/wp-json\/wp\/v2\/categories?post=2949"},{"taxonomy":"post_tag","embeddable":true,"href":"https:\/\/www.lengyelrobert.hu\/index.php\/wp-json\/wp\/v2\/tags?post=2949"}],"curies":[{"name":"wp","href":"https:\/\/api.w.org\/{rel}","templated":true}]}}