{"id":2925,"date":"2015-08-31T10:35:35","date_gmt":"2015-08-31T10:35:35","guid":{"rendered":"https:\/\/www.lengyelrobert.hu\/2015\/08\/31\/2015-8-31-i-facebook-bejegyzes\/"},"modified":"2015-08-31T10:35:35","modified_gmt":"2015-08-31T10:35:35","slug":"2015-8-31-i-facebook-bejegyzes","status":"publish","type":"post","link":"https:\/\/www.lengyelrobert.hu\/index.php\/2015\/08\/31\/2015-8-31-i-facebook-bejegyzes\/","title":{"rendered":"2015.8.31-i Facebook bejegyz\u00e9s"},"content":{"rendered":"<p>Kedves Olvas\u00f3k! Ma Neubauer S\u00e1ndor \u00far a Balaton Tv. tulajdonosa tett n\u00e1lam  bemutatkoz\u00f3 l\u00e1togat\u00e1st. Elmondta, hogy m\u0171soruk most m\u00e1r t\u00f6bb mint 70  Balaton k\u00f6rny\u00e9ki telep\u00fcl\u00e9sen foghat\u00f3, ami 100 ezres nagys\u00e1grend\u0171 h\u00e1ztart\u00e1st  is jelent egyben. Korrekt t\u00e1j\u00e9koztat\u00e1sra \u00e9s politikai  r\u00e9szrehajl\u00e1s-mentess\u00e9gre t\u00f6rekedve szerkesztik m\u0171soraikat. Ez ut\u00f3bbi  n\u00e9mileg be is hat\u00e1rolja a lehet\u0151s\u00e9geiket, de ezen nem k\u00edv\u00e1nnak v\u00e1ltoztatni.  T\u00e1j\u00e9koztattam Neubauer urat, hogy a j\u00f6v\u0151ben korrekt, Si\u00f3fok \u00e9rdekeit szem  el\u0151tt tart\u00f3 egy\u00fcttm\u0171k\u00f6d\u00e9sre t\u00f6rekszem vel\u00fck is. Szeptember 15-\u00e9n 13.30  \u00f3rakor a Kaposv\u00e1ri T\u00f6rv\u00e9nysz\u00e9ken t\u00e1rgyalja a b\u00edr\u00f3s\u00e1g a Balaton-Parti Kft.  \u00e1tvil\u00e1g\u00edt\u00e1si jelent\u00e9s\u00e9nek k\u00f6zz\u00e9t\u00e9tele ir\u00e1nt beny\u00fajtott keresetet. Kor\u00e1bban  is jeleztem, hogy egy si\u00f3foki lak\u00f3s a b\u00edr\u00f3s\u00e1ghoz fordult annak \u00e9rdek\u00e9ben,  hogy az \u00edt\u00e9letben mondja ki: az \u00e1tvil\u00e1g\u00edt\u00e1si jelent\u00e9sbe foglalt t\u00e9nyek,  adatok k\u00f6z\u00e9rdek\u0171ek. Magam is \u00e9rdekl\u0151dve v\u00e1rom a fejlem\u00e9nyeket \u00e9s  szem\u00e9lyesen is megk\u00edv\u00e1nok jelenni a t\u00f6rv\u00e9nysz\u00e9ken. \u00c9rtes\u00fcltem, hogy az  utols\u00f3 ny\u00e1ri h\u00e9tv\u00e9g\u00e9n Si\u00f3fok egy remek rendezv\u00e9ny sz\u00ednhelye volt. A parton  ker\u00fclt megrendez\u00e9sre a Beach Dance Cup, nemzetk\u00f6zi t\u00e1ncos l\u00e1tv\u00e1nyoss\u00e1g.  Ig\u00e9nyes zene, remek t\u00e1ncosok, nagy siker. K\u00f6sz\u00f6nj\u00fck!!! Bar\u00e1ts\u00e1ggal: R.  http:\/\/www.vasarnapihirek.hu\/fokusz\/teljesen_eselytelenek_voltunk<\/p>\n","protected":false},"excerpt":{"rendered":"<p>Kedves Olvas\u00f3k! Ma Neubauer S\u00e1ndor \u00far a Balaton Tv. tulajdonosa tett n\u00e1lam<br \/>\nbemutatkoz\u00f3 l\u00e1togat\u00e1st. Elmondta, hogy m\u0171soruk most m\u00e1r t\u00f6bb mint 70<br \/>\nBalaton k\u00f6rny\u00e9ki telep\u00fcl\u00e9sen foghat\u00f3, ami 100 ezres nagys\u00e1grend\u0171 h\u00e1ztart\u00e1st<br \/>\nis jelent egyben. Korrekt t\u00e1j\u00e9koztat\u00e1sra \u00e9s politikai<br \/>\nr\u00e9szrehajl\u00e1s-mentess\u00e9gre t\u00f6rekedve szerkesztik m\u0171soraikat. Ez ut\u00f3bbi<br \/>\nn\u00e9mileg be is hat\u00e1rolja a lehet\u0151s\u00e9geiket, de ezen ne&#8230;<\/p>\n","protected":false},"author":1,"featured_media":0,"comment_status":"open","ping_status":"open","sticky":false,"template":"","format":"standard","meta":{"_acf_changed":false,"_et_pb_use_builder":"","_et_pb_old_content":"","_et_gb_content_width":"","footnotes":""},"categories":[1],"tags":[],"class_list":["post-2925","post","type-post","status-publish","format-standard","hentry","category-uncategorized"],"acf":[],"yoast_head":"<!-- This site is optimized with the Yoast SEO plugin v23.8 - https:\/\/yoast.com\/wordpress\/plugins\/seo\/ -->\n<title>2015.8.31-i Facebook bejegyz\u00e9s - dr. Lengyel R\u00f3bert<\/title>\n<meta name=\"robots\" content=\"index, follow, max-snippet:-1, max-image-preview:large, max-video-preview:-1\" \/>\n<link rel=\"canonical\" href=\"https:\/\/www.lengyelrobert.hu\/index.php\/2015\/08\/31\/2015-8-31-i-facebook-bejegyzes\/\" \/>\n<meta property=\"og:locale\" content=\"hu_HU\" \/>\n<meta property=\"og:type\" content=\"article\" \/>\n<meta property=\"og:title\" content=\"2015.8.31-i Facebook bejegyz\u00e9s - dr. Lengyel R\u00f3bert\" \/>\n<meta property=\"og:description\" content=\"Kedves Olvas\u00f3k! Ma Neubauer S\u00e1ndor \u00far a Balaton Tv. tulajdonosa tett n\u00e1lam bemutatkoz\u00f3 l\u00e1togat\u00e1st. Elmondta, hogy m\u0171soruk most m\u00e1r t\u00f6bb mint 70 Balaton k\u00f6rny\u00e9ki telep\u00fcl\u00e9sen foghat\u00f3, ami 100 ezres nagys\u00e1grend\u0171 h\u00e1ztart\u00e1st is jelent egyben. Korrekt t\u00e1j\u00e9koztat\u00e1sra \u00e9s politikai r\u00e9szrehajl\u00e1s-mentess\u00e9gre t\u00f6rekedve szerkesztik m\u0171soraikat. Ez ut\u00f3bbi n\u00e9mileg be is hat\u00e1rolja a lehet\u0151s\u00e9geiket, de ezen ne...\" \/>\n<meta property=\"og:url\" content=\"https:\/\/www.lengyelrobert.hu\/index.php\/2015\/08\/31\/2015-8-31-i-facebook-bejegyzes\/\" \/>\n<meta property=\"og:site_name\" content=\"dr. Lengyel R\u00f3bert\" \/>\n<meta property=\"article:published_time\" content=\"2015-08-31T10:35:35+00:00\" \/>\n<meta name=\"author\" content=\"webmaster\" \/>\n<meta name=\"twitter:card\" content=\"summary_large_image\" \/>\n<meta name=\"twitter:label1\" content=\"Szerz\u0151:\" \/>\n\t<meta name=\"twitter:data1\" content=\"webmaster\" \/>\n\t<meta name=\"twitter:label2\" content=\"Becs\u00fclt olvas\u00e1si id\u0151\" \/>\n\t<meta name=\"twitter:data2\" content=\"1 perc\" \/>\n<script type=\"application\/ld+json\" class=\"yoast-schema-graph\">{\"@context\":\"https:\/\/schema.org\",\"@graph\":[{\"@type\":\"WebPage\",\"@id\":\"https:\/\/www.lengyelrobert.hu\/index.php\/2015\/08\/31\/2015-8-31-i-facebook-bejegyzes\/\",\"url\":\"https:\/\/www.lengyelrobert.hu\/index.php\/2015\/08\/31\/2015-8-31-i-facebook-bejegyzes\/\",\"name\":\"2015.8.31-i Facebook bejegyz\u00e9s - dr. Lengyel R\u00f3bert\",\"isPartOf\":{\"@id\":\"https:\/\/www.lengyelrobert.hu\/#website\"},\"datePublished\":\"2015-08-31T10:35:35+00:00\",\"dateModified\":\"2015-08-31T10:35:35+00:00\",\"author\":{\"@id\":\"https:\/\/www.lengyelrobert.hu\/#\/schema\/person\/2926fe5141a59e6530d8a411eb7bfb2d\"},\"breadcrumb\":{\"@id\":\"https:\/\/www.lengyelrobert.hu\/index.php\/2015\/08\/31\/2015-8-31-i-facebook-bejegyzes\/#breadcrumb\"},\"inLanguage\":\"hu\",\"potentialAction\":[{\"@type\":\"ReadAction\",\"target\":[\"https:\/\/www.lengyelrobert.hu\/index.php\/2015\/08\/31\/2015-8-31-i-facebook-bejegyzes\/\"]}]},{\"@type\":\"BreadcrumbList\",\"@id\":\"https:\/\/www.lengyelrobert.hu\/index.php\/2015\/08\/31\/2015-8-31-i-facebook-bejegyzes\/#breadcrumb\",\"itemListElement\":[{\"@type\":\"ListItem\",\"position\":1,\"name\":\"Home\",\"item\":\"https:\/\/www.lengyelrobert.hu\/\"},{\"@type\":\"ListItem\",\"position\":2,\"name\":\"2015.8.31-i Facebook bejegyz\u00e9s\"}]},{\"@type\":\"WebSite\",\"@id\":\"https:\/\/www.lengyelrobert.hu\/#website\",\"url\":\"https:\/\/www.lengyelrobert.hu\/\",\"name\":\"dr. Lengyel R\u00f3bert\",\"description\":\"A Becs\u00fclettel Si\u00f3fok\u00e9rt Egyes\u00fclet honlapja\",\"potentialAction\":[{\"@type\":\"SearchAction\",\"target\":{\"@type\":\"EntryPoint\",\"urlTemplate\":\"https:\/\/www.lengyelrobert.hu\/?s={search_term_string}\"},\"query-input\":{\"@type\":\"PropertyValueSpecification\",\"valueRequired\":true,\"valueName\":\"search_term_string\"}}],\"inLanguage\":\"hu\"},{\"@type\":\"Person\",\"@id\":\"https:\/\/www.lengyelrobert.hu\/#\/schema\/person\/2926fe5141a59e6530d8a411eb7bfb2d\",\"name\":\"webmaster\",\"image\":{\"@type\":\"ImageObject\",\"inLanguage\":\"hu\",\"@id\":\"https:\/\/www.lengyelrobert.hu\/#\/schema\/person\/image\/\",\"url\":\"https:\/\/secure.gravatar.com\/avatar\/d53f7fc01f188bb097ecc2caf950c777c2cdc1ec48a2d1726a8399a2188940b0?s=96&d=mm&r=g\",\"contentUrl\":\"https:\/\/secure.gravatar.com\/avatar\/d53f7fc01f188bb097ecc2caf950c777c2cdc1ec48a2d1726a8399a2188940b0?s=96&d=mm&r=g\",\"caption\":\"webmaster\"},\"sameAs\":[\"https:\/\/www.lengyelrobert.hu\"],\"url\":\"https:\/\/www.lengyelrobert.hu\/index.php\/author\/webmaster\/\"}]}<\/script>\n<!-- \/ Yoast SEO plugin. -->","yoast_head_json":{"title":"2015.8.31-i Facebook bejegyz\u00e9s - dr. Lengyel R\u00f3bert","robots":{"index":"index","follow":"follow","max-snippet":"max-snippet:-1","max-image-preview":"max-image-preview:large","max-video-preview":"max-video-preview:-1"},"canonical":"https:\/\/www.lengyelrobert.hu\/index.php\/2015\/08\/31\/2015-8-31-i-facebook-bejegyzes\/","og_locale":"hu_HU","og_type":"article","og_title":"2015.8.31-i Facebook bejegyz\u00e9s - dr. Lengyel R\u00f3bert","og_description":"Kedves Olvas\u00f3k! Ma Neubauer S\u00e1ndor \u00far a Balaton Tv. tulajdonosa tett n\u00e1lam bemutatkoz\u00f3 l\u00e1togat\u00e1st. Elmondta, hogy m\u0171soruk most m\u00e1r t\u00f6bb mint 70 Balaton k\u00f6rny\u00e9ki telep\u00fcl\u00e9sen foghat\u00f3, ami 100 ezres nagys\u00e1grend\u0171 h\u00e1ztart\u00e1st is jelent egyben. Korrekt t\u00e1j\u00e9koztat\u00e1sra \u00e9s politikai r\u00e9szrehajl\u00e1s-mentess\u00e9gre t\u00f6rekedve szerkesztik m\u0171soraikat. Ez ut\u00f3bbi n\u00e9mileg be is hat\u00e1rolja a lehet\u0151s\u00e9geiket, de ezen ne...","og_url":"https:\/\/www.lengyelrobert.hu\/index.php\/2015\/08\/31\/2015-8-31-i-facebook-bejegyzes\/","og_site_name":"dr. Lengyel R\u00f3bert","article_published_time":"2015-08-31T10:35:35+00:00","author":"webmaster","twitter_card":"summary_large_image","twitter_misc":{"Szerz\u0151:":"webmaster","Becs\u00fclt olvas\u00e1si id\u0151":"1 perc"},"schema":{"@context":"https:\/\/schema.org","@graph":[{"@type":"WebPage","@id":"https:\/\/www.lengyelrobert.hu\/index.php\/2015\/08\/31\/2015-8-31-i-facebook-bejegyzes\/","url":"https:\/\/www.lengyelrobert.hu\/index.php\/2015\/08\/31\/2015-8-31-i-facebook-bejegyzes\/","name":"2015.8.31-i Facebook bejegyz\u00e9s - dr. Lengyel R\u00f3bert","isPartOf":{"@id":"https:\/\/www.lengyelrobert.hu\/#website"},"datePublished":"2015-08-31T10:35:35+00:00","dateModified":"2015-08-31T10:35:35+00:00","author":{"@id":"https:\/\/www.lengyelrobert.hu\/#\/schema\/person\/2926fe5141a59e6530d8a411eb7bfb2d"},"breadcrumb":{"@id":"https:\/\/www.lengyelrobert.hu\/index.php\/2015\/08\/31\/2015-8-31-i-facebook-bejegyzes\/#breadcrumb"},"inLanguage":"hu","potentialAction":[{"@type":"ReadAction","target":["https:\/\/www.lengyelrobert.hu\/index.php\/2015\/08\/31\/2015-8-31-i-facebook-bejegyzes\/"]}]},{"@type":"BreadcrumbList","@id":"https:\/\/www.lengyelrobert.hu\/index.php\/2015\/08\/31\/2015-8-31-i-facebook-bejegyzes\/#breadcrumb","itemListElement":[{"@type":"ListItem","position":1,"name":"Home","item":"https:\/\/www.lengyelrobert.hu\/"},{"@type":"ListItem","position":2,"name":"2015.8.31-i Facebook bejegyz\u00e9s"}]},{"@type":"WebSite","@id":"https:\/\/www.lengyelrobert.hu\/#website","url":"https:\/\/www.lengyelrobert.hu\/","name":"dr. Lengyel R\u00f3bert","description":"A Becs\u00fclettel Si\u00f3fok\u00e9rt Egyes\u00fclet honlapja","potentialAction":[{"@type":"SearchAction","target":{"@type":"EntryPoint","urlTemplate":"https:\/\/www.lengyelrobert.hu\/?s={search_term_string}"},"query-input":{"@type":"PropertyValueSpecification","valueRequired":true,"valueName":"search_term_string"}}],"inLanguage":"hu"},{"@type":"Person","@id":"https:\/\/www.lengyelrobert.hu\/#\/schema\/person\/2926fe5141a59e6530d8a411eb7bfb2d","name":"webmaster","image":{"@type":"ImageObject","inLanguage":"hu","@id":"https:\/\/www.lengyelrobert.hu\/#\/schema\/person\/image\/","url":"https:\/\/secure.gravatar.com\/avatar\/d53f7fc01f188bb097ecc2caf950c777c2cdc1ec48a2d1726a8399a2188940b0?s=96&d=mm&r=g","contentUrl":"https:\/\/secure.gravatar.com\/avatar\/d53f7fc01f188bb097ecc2caf950c777c2cdc1ec48a2d1726a8399a2188940b0?s=96&d=mm&r=g","caption":"webmaster"},"sameAs":["https:\/\/www.lengyelrobert.hu"],"url":"https:\/\/www.lengyelrobert.hu\/index.php\/author\/webmaster\/"}]}},"_links":{"self":[{"href":"https:\/\/www.lengyelrobert.hu\/index.php\/wp-json\/wp\/v2\/posts\/2925","targetHints":{"allow":["GET"]}}],"collection":[{"href":"https:\/\/www.lengyelrobert.hu\/index.php\/wp-json\/wp\/v2\/posts"}],"about":[{"href":"https:\/\/www.lengyelrobert.hu\/index.php\/wp-json\/wp\/v2\/types\/post"}],"author":[{"embeddable":true,"href":"https:\/\/www.lengyelrobert.hu\/index.php\/wp-json\/wp\/v2\/users\/1"}],"replies":[{"embeddable":true,"href":"https:\/\/www.lengyelrobert.hu\/index.php\/wp-json\/wp\/v2\/comments?post=2925"}],"version-history":[{"count":0,"href":"https:\/\/www.lengyelrobert.hu\/index.php\/wp-json\/wp\/v2\/posts\/2925\/revisions"}],"wp:attachment":[{"href":"https:\/\/www.lengyelrobert.hu\/index.php\/wp-json\/wp\/v2\/media?parent=2925"}],"wp:term":[{"taxonomy":"category","embeddable":true,"href":"https:\/\/www.lengyelrobert.hu\/index.php\/wp-json\/wp\/v2\/categories?post=2925"},{"taxonomy":"post_tag","embeddable":true,"href":"https:\/\/www.lengyelrobert.hu\/index.php\/wp-json\/wp\/v2\/tags?post=2925"}],"curies":[{"name":"wp","href":"https:\/\/api.w.org\/{rel}","templated":true}]}}