{"id":2904,"date":"2015-10-21T13:00:02","date_gmt":"2015-10-21T13:00:02","guid":{"rendered":"https:\/\/www.lengyelrobert.hu\/2015\/10\/21\/2015-10-21-i-facebook-bejegyzes\/"},"modified":"2015-10-21T13:00:02","modified_gmt":"2015-10-21T13:00:02","slug":"2015-10-21-i-facebook-bejegyzes","status":"publish","type":"post","link":"https:\/\/www.lengyelrobert.hu\/index.php\/2015\/10\/21\/2015-10-21-i-facebook-bejegyzes\/","title":{"rendered":"2015.10.21-i Facebook bejegyz\u00e9s"},"content":{"rendered":"<p>Tisztelt Olvas\u00f3im! Tegnap este a Kr\u00fady Napok rendezv\u00e9ny\u00e9nek z\u00e1r\u00f3 \u00fcnneps\u00e9g\u00e9n  vettem r\u00e9szt, m\u00edg a napk\u00f6zbeni programokon Alpolg\u00e1rmester Asszony  k\u00e9pviselt. (Ahogy t\u00e1j\u00e9koztattak, az orsz\u00e1g minden t\u00e1j\u00e1r\u00f3l \u00e9rkeztek a t\u00f6bb  kateg\u00f3ri\u00e1ban meghirdetett szakmai versenyekre di\u00e1kok, pedag\u00f3gusok \u00e9s az m\u00e1r  csak hab a tort\u00e1n, hogy a Kr\u00fadysok kiv\u00e1l\u00f3an szerepeltek. N\u00edv\u00f3s \u00e9s a v\u00e1ros  h\u00edrnev\u00e9t is gyarap\u00edt\u00f3 hagyom\u00e1ny m\u00e1r ez a rendezv\u00e9ny-sorozat Si\u00f3fokon.)  Amellett, hogy a megh\u00edv\u00e1s nagyon j\u00f3l esett \u00e9s \u00f6r\u00f6mmel tettem neki eleget,  az iskola tanul\u00f3i \u00e1ltal el\u0151adott kis h\u00e1zi \u00fcnneps\u00e9g is maradand\u00f3 \u00e9lm\u00e9ny  volt, mint ahogy a k\u00f3stol\u00e1sra felk\u00edn\u00e1lt \u00e9tkek is. K\u00f6sz\u00f6n\u00f6m a lehet\u0151s\u00e9get, a  sok-sok munk\u00e1t \u00e9s a vend\u00e9gszeretetet a szervez\u0151knek. Ma Budapesten voltam  \u00e9s a Vigad\u00f3ban vettem r\u00e9szt az ez \u00e9vi vir\u00e1gos\u00edt\u00e1si verseny hivatalos,  magyarorsz\u00e1gi eredm\u00e9ny hirdet\u00e9s\u00e9n. Itt egyebek mellett L\u00e9vai Anik\u00f3 asszony,  Minisztereln\u00f6k \u00dar feles\u00e9ge, az illet\u00e9kes miniszt\u00e9riumok \u00e9s a Turizmus  Zrt.k\u00e9pvisel\u0151i jelenl\u00e9t\u00e9ben, jelk\u00e9pesen ism\u00e9t \u00e1tvehettem a kor\u00e1bban  Bristolban elnyert elismer\u00e9seket, de ami k\u00fcl\u00f6n \u00f6r\u00f6m \u00e9s dics\u0151s\u00e9g sz\u00e1momra,  s\u0151t a hivatal \u00e9s a v\u00e1ros sz\u00e1m\u00e1ra is, hogy v\u00e1rosunk f\u0151kert\u00e9sze, Bukta  Zsuzsa, szakmai munk\u00e1j\u00e1nak elismer\u00e9sek\u00e9nt, k\u00fcl\u00f6n bel\u00fcgyminiszteri  dics\u00e9retben \u00e9s t\u00e1rgyjutalomban r\u00e9szes\u00fclt. Innen is sz\u00edvb\u0151l gratul\u00e1lok  koll\u00e9gan\u0151mnek \u00e9s k\u00edv\u00e1nok neki tov\u00e1bbi nagyon sok szakmai sikert. Akik az  elk\u00f6vetkezend\u0151 id\u0151szakban bel\u00e9pnek a KIKK sz\u00ednh\u00e1zterm\u00e9be, tapasztalni  fogj\u00e1k a v\u00e1ltoz\u00e1st: a teljes sz\u00e9kcsere- projekt befejez\u0151d\u00f6tt, gy\u00f6ny\u00f6r\u0171, \u00faj  \u00fcl\u00e9sek ker\u00fcltek be\u00e9p\u00edt\u00e9sre. Itt volt m\u00e1r az ideje ennek a dolognak, miut\u00e1n  egyre-m\u00e1sra rogytak \u00f6ssze a vend\u00e9gek alatt a r\u00e9giek. Teljes \u00f6sszhang  alakult ki test\u00fcleten bel\u00fcl abban a tekintetben, hogy id\u00e9n val\u00f3suljon meg  ez a fejleszt\u00e9s, majd pedig \u00e9vr\u0151l-\u00e9vre inveszt\u00e1ljunk valamennyit az  \u00e9p\u00fcletbe, \u00edgy fokozatosan \u00fajuljon az meg. Ez\u00faton is k\u00f6sz\u00f6n\u00f6m a test\u00fclet  tagjainak az egy\u00f6ntet\u0171 t\u00e1mogat\u00e1st. A h\u00e9tv\u00e9g\u00e9n hivatalosan is \u00e1tadom az \u00faj  sz\u00e9ksorokat a k\u00f6z\u00f6ns\u00e9gnek, haszn\u00e1lj\u00e1k min\u00e9l t\u00f6bben a j\u00f6v\u0151ben. Bar\u00e1ts\u00e1ggal:  R.<\/p>\n","protected":false},"excerpt":{"rendered":"<p>Tisztelt Olvas\u00f3im! Tegnap este a Kr\u00fady Napok rendezv\u00e9ny\u00e9nek z\u00e1r\u00f3 \u00fcnneps\u00e9g\u00e9n<br \/>\nvettem r\u00e9szt, m\u00edg a napk\u00f6zbeni programokon Alpolg\u00e1rmester Asszony<br \/>\nk\u00e9pviselt. (Ahogy t\u00e1j\u00e9koztattak, az orsz\u00e1g minden t\u00e1j\u00e1r\u00f3l \u00e9rkeztek a t\u00f6bb<br \/>\nkateg\u00f3ri\u00e1ban meghirdetett szakmai versenyekre di\u00e1kok, pedag\u00f3gusok \u00e9s az m\u00e1r<br \/>\ncsak hab a tort\u00e1n, hogy a Kr\u00fadysok kiv\u00e1l\u00f3an szerepeltek. N\u00edv\u00f3s \u00e9s a v\u00e1ros<br \/>\nh\u00edrnev\u00e9t is gyarap\u00edt\u00f3 hagyom\u00e1&#8230;<\/p>\n","protected":false},"author":1,"featured_media":0,"comment_status":"open","ping_status":"open","sticky":false,"template":"","format":"standard","meta":{"_acf_changed":false,"_et_pb_use_builder":"","_et_pb_old_content":"","_et_gb_content_width":"","footnotes":""},"categories":[5],"tags":[],"class_list":["post-2904","post","type-post","status-publish","format-standard","hentry","category-facebook-bejegyzesek"],"acf":[],"yoast_head":"<!-- This site is optimized with the Yoast SEO plugin v23.8 - https:\/\/yoast.com\/wordpress\/plugins\/seo\/ -->\n<title>2015.10.21-i Facebook bejegyz\u00e9s - dr. Lengyel R\u00f3bert<\/title>\n<meta name=\"robots\" content=\"index, follow, max-snippet:-1, max-image-preview:large, max-video-preview:-1\" \/>\n<link rel=\"canonical\" href=\"https:\/\/www.lengyelrobert.hu\/index.php\/2015\/10\/21\/2015-10-21-i-facebook-bejegyzes\/\" \/>\n<meta property=\"og:locale\" content=\"hu_HU\" \/>\n<meta property=\"og:type\" content=\"article\" \/>\n<meta property=\"og:title\" content=\"2015.10.21-i Facebook bejegyz\u00e9s - dr. Lengyel R\u00f3bert\" \/>\n<meta property=\"og:description\" content=\"Tisztelt Olvas\u00f3im! Tegnap este a Kr\u00fady Napok rendezv\u00e9ny\u00e9nek z\u00e1r\u00f3 \u00fcnneps\u00e9g\u00e9n vettem r\u00e9szt, m\u00edg a napk\u00f6zbeni programokon Alpolg\u00e1rmester Asszony k\u00e9pviselt. (Ahogy t\u00e1j\u00e9koztattak, az orsz\u00e1g minden t\u00e1j\u00e1r\u00f3l \u00e9rkeztek a t\u00f6bb kateg\u00f3ri\u00e1ban meghirdetett szakmai versenyekre di\u00e1kok, pedag\u00f3gusok \u00e9s az m\u00e1r csak hab a tort\u00e1n, hogy a Kr\u00fadysok kiv\u00e1l\u00f3an szerepeltek. N\u00edv\u00f3s \u00e9s a v\u00e1ros h\u00edrnev\u00e9t is gyarap\u00edt\u00f3 hagyom\u00e1...\" \/>\n<meta property=\"og:url\" content=\"https:\/\/www.lengyelrobert.hu\/index.php\/2015\/10\/21\/2015-10-21-i-facebook-bejegyzes\/\" \/>\n<meta property=\"og:site_name\" content=\"dr. Lengyel R\u00f3bert\" \/>\n<meta property=\"article:published_time\" content=\"2015-10-21T13:00:02+00:00\" \/>\n<meta name=\"author\" content=\"webmaster\" \/>\n<meta name=\"twitter:card\" content=\"summary_large_image\" \/>\n<meta name=\"twitter:label1\" content=\"Szerz\u0151:\" \/>\n\t<meta name=\"twitter:data1\" content=\"webmaster\" \/>\n\t<meta name=\"twitter:label2\" content=\"Becs\u00fclt olvas\u00e1si id\u0151\" \/>\n\t<meta name=\"twitter:data2\" content=\"2 perc\" \/>\n<script type=\"application\/ld+json\" class=\"yoast-schema-graph\">{\"@context\":\"https:\/\/schema.org\",\"@graph\":[{\"@type\":\"WebPage\",\"@id\":\"https:\/\/www.lengyelrobert.hu\/index.php\/2015\/10\/21\/2015-10-21-i-facebook-bejegyzes\/\",\"url\":\"https:\/\/www.lengyelrobert.hu\/index.php\/2015\/10\/21\/2015-10-21-i-facebook-bejegyzes\/\",\"name\":\"2015.10.21-i Facebook bejegyz\u00e9s - dr. Lengyel R\u00f3bert\",\"isPartOf\":{\"@id\":\"https:\/\/www.lengyelrobert.hu\/#website\"},\"datePublished\":\"2015-10-21T13:00:02+00:00\",\"dateModified\":\"2015-10-21T13:00:02+00:00\",\"author\":{\"@id\":\"https:\/\/www.lengyelrobert.hu\/#\/schema\/person\/2926fe5141a59e6530d8a411eb7bfb2d\"},\"breadcrumb\":{\"@id\":\"https:\/\/www.lengyelrobert.hu\/index.php\/2015\/10\/21\/2015-10-21-i-facebook-bejegyzes\/#breadcrumb\"},\"inLanguage\":\"hu\",\"potentialAction\":[{\"@type\":\"ReadAction\",\"target\":[\"https:\/\/www.lengyelrobert.hu\/index.php\/2015\/10\/21\/2015-10-21-i-facebook-bejegyzes\/\"]}]},{\"@type\":\"BreadcrumbList\",\"@id\":\"https:\/\/www.lengyelrobert.hu\/index.php\/2015\/10\/21\/2015-10-21-i-facebook-bejegyzes\/#breadcrumb\",\"itemListElement\":[{\"@type\":\"ListItem\",\"position\":1,\"name\":\"Home\",\"item\":\"https:\/\/www.lengyelrobert.hu\/\"},{\"@type\":\"ListItem\",\"position\":2,\"name\":\"2015.10.21-i Facebook bejegyz\u00e9s\"}]},{\"@type\":\"WebSite\",\"@id\":\"https:\/\/www.lengyelrobert.hu\/#website\",\"url\":\"https:\/\/www.lengyelrobert.hu\/\",\"name\":\"dr. Lengyel R\u00f3bert\",\"description\":\"A Becs\u00fclettel Si\u00f3fok\u00e9rt Egyes\u00fclet honlapja\",\"potentialAction\":[{\"@type\":\"SearchAction\",\"target\":{\"@type\":\"EntryPoint\",\"urlTemplate\":\"https:\/\/www.lengyelrobert.hu\/?s={search_term_string}\"},\"query-input\":{\"@type\":\"PropertyValueSpecification\",\"valueRequired\":true,\"valueName\":\"search_term_string\"}}],\"inLanguage\":\"hu\"},{\"@type\":\"Person\",\"@id\":\"https:\/\/www.lengyelrobert.hu\/#\/schema\/person\/2926fe5141a59e6530d8a411eb7bfb2d\",\"name\":\"webmaster\",\"image\":{\"@type\":\"ImageObject\",\"inLanguage\":\"hu\",\"@id\":\"https:\/\/www.lengyelrobert.hu\/#\/schema\/person\/image\/\",\"url\":\"https:\/\/secure.gravatar.com\/avatar\/d53f7fc01f188bb097ecc2caf950c777c2cdc1ec48a2d1726a8399a2188940b0?s=96&d=mm&r=g\",\"contentUrl\":\"https:\/\/secure.gravatar.com\/avatar\/d53f7fc01f188bb097ecc2caf950c777c2cdc1ec48a2d1726a8399a2188940b0?s=96&d=mm&r=g\",\"caption\":\"webmaster\"},\"sameAs\":[\"https:\/\/www.lengyelrobert.hu\"],\"url\":\"https:\/\/www.lengyelrobert.hu\/index.php\/author\/webmaster\/\"}]}<\/script>\n<!-- \/ Yoast SEO plugin. -->","yoast_head_json":{"title":"2015.10.21-i Facebook bejegyz\u00e9s - dr. Lengyel R\u00f3bert","robots":{"index":"index","follow":"follow","max-snippet":"max-snippet:-1","max-image-preview":"max-image-preview:large","max-video-preview":"max-video-preview:-1"},"canonical":"https:\/\/www.lengyelrobert.hu\/index.php\/2015\/10\/21\/2015-10-21-i-facebook-bejegyzes\/","og_locale":"hu_HU","og_type":"article","og_title":"2015.10.21-i Facebook bejegyz\u00e9s - dr. Lengyel R\u00f3bert","og_description":"Tisztelt Olvas\u00f3im! Tegnap este a Kr\u00fady Napok rendezv\u00e9ny\u00e9nek z\u00e1r\u00f3 \u00fcnneps\u00e9g\u00e9n vettem r\u00e9szt, m\u00edg a napk\u00f6zbeni programokon Alpolg\u00e1rmester Asszony k\u00e9pviselt. (Ahogy t\u00e1j\u00e9koztattak, az orsz\u00e1g minden t\u00e1j\u00e1r\u00f3l \u00e9rkeztek a t\u00f6bb kateg\u00f3ri\u00e1ban meghirdetett szakmai versenyekre di\u00e1kok, pedag\u00f3gusok \u00e9s az m\u00e1r csak hab a tort\u00e1n, hogy a Kr\u00fadysok kiv\u00e1l\u00f3an szerepeltek. N\u00edv\u00f3s \u00e9s a v\u00e1ros h\u00edrnev\u00e9t is gyarap\u00edt\u00f3 hagyom\u00e1...","og_url":"https:\/\/www.lengyelrobert.hu\/index.php\/2015\/10\/21\/2015-10-21-i-facebook-bejegyzes\/","og_site_name":"dr. Lengyel R\u00f3bert","article_published_time":"2015-10-21T13:00:02+00:00","author":"webmaster","twitter_card":"summary_large_image","twitter_misc":{"Szerz\u0151:":"webmaster","Becs\u00fclt olvas\u00e1si id\u0151":"2 perc"},"schema":{"@context":"https:\/\/schema.org","@graph":[{"@type":"WebPage","@id":"https:\/\/www.lengyelrobert.hu\/index.php\/2015\/10\/21\/2015-10-21-i-facebook-bejegyzes\/","url":"https:\/\/www.lengyelrobert.hu\/index.php\/2015\/10\/21\/2015-10-21-i-facebook-bejegyzes\/","name":"2015.10.21-i Facebook bejegyz\u00e9s - dr. Lengyel R\u00f3bert","isPartOf":{"@id":"https:\/\/www.lengyelrobert.hu\/#website"},"datePublished":"2015-10-21T13:00:02+00:00","dateModified":"2015-10-21T13:00:02+00:00","author":{"@id":"https:\/\/www.lengyelrobert.hu\/#\/schema\/person\/2926fe5141a59e6530d8a411eb7bfb2d"},"breadcrumb":{"@id":"https:\/\/www.lengyelrobert.hu\/index.php\/2015\/10\/21\/2015-10-21-i-facebook-bejegyzes\/#breadcrumb"},"inLanguage":"hu","potentialAction":[{"@type":"ReadAction","target":["https:\/\/www.lengyelrobert.hu\/index.php\/2015\/10\/21\/2015-10-21-i-facebook-bejegyzes\/"]}]},{"@type":"BreadcrumbList","@id":"https:\/\/www.lengyelrobert.hu\/index.php\/2015\/10\/21\/2015-10-21-i-facebook-bejegyzes\/#breadcrumb","itemListElement":[{"@type":"ListItem","position":1,"name":"Home","item":"https:\/\/www.lengyelrobert.hu\/"},{"@type":"ListItem","position":2,"name":"2015.10.21-i Facebook bejegyz\u00e9s"}]},{"@type":"WebSite","@id":"https:\/\/www.lengyelrobert.hu\/#website","url":"https:\/\/www.lengyelrobert.hu\/","name":"dr. Lengyel R\u00f3bert","description":"A Becs\u00fclettel Si\u00f3fok\u00e9rt Egyes\u00fclet honlapja","potentialAction":[{"@type":"SearchAction","target":{"@type":"EntryPoint","urlTemplate":"https:\/\/www.lengyelrobert.hu\/?s={search_term_string}"},"query-input":{"@type":"PropertyValueSpecification","valueRequired":true,"valueName":"search_term_string"}}],"inLanguage":"hu"},{"@type":"Person","@id":"https:\/\/www.lengyelrobert.hu\/#\/schema\/person\/2926fe5141a59e6530d8a411eb7bfb2d","name":"webmaster","image":{"@type":"ImageObject","inLanguage":"hu","@id":"https:\/\/www.lengyelrobert.hu\/#\/schema\/person\/image\/","url":"https:\/\/secure.gravatar.com\/avatar\/d53f7fc01f188bb097ecc2caf950c777c2cdc1ec48a2d1726a8399a2188940b0?s=96&d=mm&r=g","contentUrl":"https:\/\/secure.gravatar.com\/avatar\/d53f7fc01f188bb097ecc2caf950c777c2cdc1ec48a2d1726a8399a2188940b0?s=96&d=mm&r=g","caption":"webmaster"},"sameAs":["https:\/\/www.lengyelrobert.hu"],"url":"https:\/\/www.lengyelrobert.hu\/index.php\/author\/webmaster\/"}]}},"_links":{"self":[{"href":"https:\/\/www.lengyelrobert.hu\/index.php\/wp-json\/wp\/v2\/posts\/2904","targetHints":{"allow":["GET"]}}],"collection":[{"href":"https:\/\/www.lengyelrobert.hu\/index.php\/wp-json\/wp\/v2\/posts"}],"about":[{"href":"https:\/\/www.lengyelrobert.hu\/index.php\/wp-json\/wp\/v2\/types\/post"}],"author":[{"embeddable":true,"href":"https:\/\/www.lengyelrobert.hu\/index.php\/wp-json\/wp\/v2\/users\/1"}],"replies":[{"embeddable":true,"href":"https:\/\/www.lengyelrobert.hu\/index.php\/wp-json\/wp\/v2\/comments?post=2904"}],"version-history":[{"count":0,"href":"https:\/\/www.lengyelrobert.hu\/index.php\/wp-json\/wp\/v2\/posts\/2904\/revisions"}],"wp:attachment":[{"href":"https:\/\/www.lengyelrobert.hu\/index.php\/wp-json\/wp\/v2\/media?parent=2904"}],"wp:term":[{"taxonomy":"category","embeddable":true,"href":"https:\/\/www.lengyelrobert.hu\/index.php\/wp-json\/wp\/v2\/categories?post=2904"},{"taxonomy":"post_tag","embeddable":true,"href":"https:\/\/www.lengyelrobert.hu\/index.php\/wp-json\/wp\/v2\/tags?post=2904"}],"curies":[{"name":"wp","href":"https:\/\/api.w.org\/{rel}","templated":true}]}}